{"id":1361,"date":"2022-06-13T12:00:00","date_gmt":"2022-06-13T18:00:00","guid":{"rendered":"https:\/\/sucumo.sdi.unam.mx\/?p=1361"},"modified":"2023-04-11T21:54:21","modified_gmt":"2023-04-12T03:54:21","slug":"la-narrativa-de-irak-frente-a-israel","status":"publish","type":"post","link":"https:\/\/sucumo.sdi.unam.mx\/?p=1361","title":{"rendered":"<strong>La narrativa de Irak frente a Israel<\/strong>"},"content":{"rendered":"\t\t<div data-elementor-type=\"wp-post\" data-elementor-id=\"1361\" class=\"elementor elementor-1361\">\n\t\t\t\t\t\t<section class=\"elementor-section elementor-top-section elementor-element elementor-element-bb21a48 elementor-section-boxed elementor-section-height-default elementor-section-height-default\" data-id=\"bb21a48\" data-element_type=\"section\" data-e-type=\"section\">\n\t\t\t\t\t\t<div class=\"elementor-container elementor-column-gap-default\">\n\t\t\t\t\t<div class=\"elementor-column elementor-col-100 elementor-top-column elementor-element elementor-element-d494101\" data-id=\"d494101\" data-element_type=\"column\" data-e-type=\"column\">\n\t\t\t<div class=\"elementor-widget-wrap elementor-element-populated\">\n\t\t\t\t\t\t<div class=\"elementor-element elementor-element-f24814e elementor-widget elementor-widget-heading\" data-id=\"f24814e\" data-element_type=\"widget\" data-e-type=\"widget\" data-widget_type=\"heading.default\">\n\t\t\t\t<div class=\"elementor-widget-container\">\n\t\t\t\t\t<h2 class=\"elementor-heading-title elementor-size-xl\">La narrativa de Irak frente a Israel<\/h2>\t\t\t\t<\/div>\n\t\t\t\t<\/div>\n\t\t\t\t\t<\/div>\n\t\t<\/div>\n\t\t\t\t\t<\/div>\n\t\t<\/section>\n\t\t\t\t<section class=\"elementor-section elementor-top-section elementor-element elementor-element-cdc1415 elementor-section-boxed elementor-section-height-default elementor-section-height-default\" data-id=\"cdc1415\" data-element_type=\"section\" data-e-type=\"section\">\n\t\t\t\t\t\t<div class=\"elementor-container elementor-column-gap-default\">\n\t\t\t\t\t<div class=\"elementor-column elementor-col-100 elementor-top-column elementor-element elementor-element-ceb799e\" data-id=\"ceb799e\" data-element_type=\"column\" data-e-type=\"column\">\n\t\t\t<div class=\"elementor-widget-wrap elementor-element-populated\">\n\t\t\t\t\t\t<div class=\"elementor-element elementor-element-a743294 elementor-widget elementor-widget-text-editor\" data-id=\"a743294\" data-element_type=\"widget\" data-e-type=\"widget\" data-widget_type=\"text-editor.default\">\n\t\t\t\t<div class=\"elementor-widget-container\">\n\t\t\t\t\t\t\t\t\t<p>Carlos Mart\u00ednez Assad<\/p>\t\t\t\t\t\t\t\t<\/div>\n\t\t\t\t<\/div>\n\t\t\t\t\t<\/div>\n\t\t<\/div>\n\t\t\t\t\t<\/div>\n\t\t<\/section>\n\t\t\t\t<section class=\"elementor-section elementor-top-section elementor-element elementor-element-4f1419a elementor-section-boxed elementor-section-height-default elementor-section-height-default\" data-id=\"4f1419a\" data-element_type=\"section\" data-e-type=\"section\">\n\t\t\t\t\t\t<div class=\"elementor-container elementor-column-gap-default\">\n\t\t\t\t\t<div class=\"elementor-column elementor-col-100 elementor-top-column elementor-element elementor-element-8aec856\" data-id=\"8aec856\" data-element_type=\"column\" data-e-type=\"column\">\n\t\t\t<div class=\"elementor-widget-wrap elementor-element-populated\">\n\t\t\t\t\t\t<div class=\"elementor-element elementor-element-d575e42 elementor-widget elementor-widget-text-editor\" data-id=\"d575e42\" data-element_type=\"widget\" data-e-type=\"widget\" data-widget_type=\"text-editor.default\">\n\t\t\t\t<div class=\"elementor-widget-container\">\n\t\t\t\t\t\t\t\t\t<p>A partir de 2020 Tel Aviv ha avanzado en diferentes intentos por establecer relaciones con cuatro estados \u00e1rabes, entre los que Abud Dhabi se encuentra a la cabeza. Ahora tambi\u00e9n Israel ha decidido colocar una plataforma para la exploraci\u00f3n en el mar profundo en el Mediterr\u00e1neo oriental en un sitio en disputa con L\u00edbano porque no se han delimitado las fronteras mar\u00edtimas, lo cual ha hecho reaccionar a las autoridades libanesas solicitando la mediaci\u00f3n de Estados Unidos para de una vez por todas poner fin a la cuesti\u00f3n. Sobra decir que los libaneses han estado muy entretenidos en la organizaci\u00f3n y realizaci\u00f3n de las elecciones legislativas que dar\u00e1n paso al establecimiento de un nuevo gobierno que bien lo necesitan. Aprovech\u00e1ndose de esa situaci\u00f3n, adem\u00e1s de los graves problemas que enfrentan los libaneses, Israel tom\u00f3 esta decisi\u00f3n unilateral.<\/p>\t\t\t\t\t\t\t\t<\/div>\n\t\t\t\t<\/div>\n\t\t\t\t\t<\/div>\n\t\t<\/div>\n\t\t\t\t\t<\/div>\n\t\t<\/section>\n\t\t\t\t<section class=\"elementor-section elementor-top-section elementor-element elementor-element-f926e8a elementor-section-boxed elementor-section-height-default elementor-section-height-default\" data-id=\"f926e8a\" data-element_type=\"section\" data-e-type=\"section\">\n\t\t\t\t\t\t<div class=\"elementor-container elementor-column-gap-default\">\n\t\t\t\t\t<div class=\"elementor-column elementor-col-100 elementor-top-column elementor-element elementor-element-b4128c6\" data-id=\"b4128c6\" data-element_type=\"column\" data-e-type=\"column\">\n\t\t\t<div class=\"elementor-widget-wrap elementor-element-populated\">\n\t\t\t\t\t\t<div class=\"elementor-element elementor-element-28f8f0c elementor-widget elementor-widget-text-editor\" data-id=\"28f8f0c\" data-element_type=\"widget\" data-e-type=\"widget\" data-widget_type=\"text-editor.default\">\n\t\t\t\t<div class=\"elementor-widget-container\">\n\t\t\t\t\t\t\t\t\t<p>En un punto m\u00e1s alejado pero no tan distante, el Parlamento de Irak ha aprobado recientemente por unanimidad una ley criminalizando cualquier forma de normalizaci\u00f3n con Israel que se opone a lo que ha estado buscando con los pa\u00edses \u00e1rabes. Dicha ley surgi\u00f3 a partir de una propuesta de Muqtada Sadr, con el prestigio heredado de varias generaciones de famosos cl\u00e9rigos chiitas, incluido su respetable ya afamado abuelo por el cual un suburbio de Bagdad se llama Ciudad Sadr, su padre opositor de Hussein, cabeza de una familia que opuso resistencia a las fuerzas invasoras de Estados Unidos durante la guerra que comenz\u00f3 en 2003 y que cuenta ahora con un apoyo parlamentario de 275 de los 329 diputados.<\/p>\t\t\t\t\t\t\t\t<\/div>\n\t\t\t\t<\/div>\n\t\t\t\t\t<\/div>\n\t\t<\/div>\n\t\t\t\t\t<\/div>\n\t\t<\/section>\n\t\t\t\t<section class=\"elementor-section elementor-top-section elementor-element elementor-element-2ee8d6d elementor-section-boxed elementor-section-height-default elementor-section-height-default\" data-id=\"2ee8d6d\" data-element_type=\"section\" data-e-type=\"section\">\n\t\t\t\t\t\t<div class=\"elementor-container elementor-column-gap-default\">\n\t\t\t\t\t<div class=\"elementor-column elementor-col-100 elementor-top-column elementor-element elementor-element-fae1d97\" data-id=\"fae1d97\" data-element_type=\"column\" data-e-type=\"column\">\n\t\t\t<div class=\"elementor-widget-wrap elementor-element-populated\">\n\t\t\t\t\t\t<div class=\"elementor-element elementor-element-1c26539 elementor-widget elementor-widget-text-editor\" data-id=\"1c26539\" data-element_type=\"widget\" data-e-type=\"widget\" data-widget_type=\"text-editor.default\">\n\t\t\t\t<div class=\"elementor-widget-container\">\n\t\t\t\t\t\t\t\t\t<p>Desde hace tiempo Saddam Hussein coloc\u00f3 la lucha contra Israel en el centro de su ret\u00f3rica pan\u00e1rabe seguida por los pa\u00edses de la regi\u00f3n desde la \u00e9poca del liderazgo de Nasser en Egipto. Dicha tendencia amain\u00f3 con la presencia de los estadunidenses durante la guerra, pero no ces\u00f3. El discurso antisrael\u00ed se mantuvo sobre todo cuando se recordaba el compromiso de esos pa\u00edses con Palestina.<\/p>\t\t\t\t\t\t\t\t<\/div>\n\t\t\t\t<\/div>\n\t\t\t\t\t<\/div>\n\t\t<\/div>\n\t\t\t\t\t<\/div>\n\t\t<\/section>\n\t\t\t\t<section class=\"elementor-section elementor-top-section elementor-element elementor-element-a926934 elementor-section-boxed elementor-section-height-default elementor-section-height-default\" data-id=\"a926934\" data-element_type=\"section\" data-e-type=\"section\">\n\t\t\t\t\t\t<div class=\"elementor-container elementor-column-gap-default\">\n\t\t\t\t\t<div class=\"elementor-column elementor-col-100 elementor-top-column elementor-element elementor-element-d450fad\" data-id=\"d450fad\" data-element_type=\"column\" data-e-type=\"column\">\n\t\t\t<div class=\"elementor-widget-wrap elementor-element-populated\">\n\t\t\t\t\t\t<div class=\"elementor-element elementor-element-77323c1 elementor-widget elementor-widget-text-editor\" data-id=\"77323c1\" data-element_type=\"widget\" data-e-type=\"widget\" data-widget_type=\"text-editor.default\">\n\t\t\t\t<div class=\"elementor-widget-container\">\n\t\t\t\t\t\t\t\t\t<p>Algunas autoridades iraqu\u00edes buscaban desarrollar las relaciones con Israel desde 2004 con la intervenci\u00f3n de Misal al -Alusi, jefe del partido Ummah, quien unos meses despu\u00e9s debi\u00f3 lamentar la p\u00e9rdida de dos de sus hijos junto con su guardaespaldas, sin que se aclarara si los israel\u00edes. Los movimientos de acercamiento, pese a todo, continuaron.<\/p>\t\t\t\t\t\t\t\t<\/div>\n\t\t\t\t<\/div>\n\t\t\t\t\t<\/div>\n\t\t<\/div>\n\t\t\t\t\t<\/div>\n\t\t<\/section>\n\t\t\t\t<section class=\"elementor-section elementor-top-section elementor-element elementor-element-7f4050c elementor-section-boxed elementor-section-height-default elementor-section-height-default\" data-id=\"7f4050c\" data-element_type=\"section\" data-e-type=\"section\">\n\t\t\t\t\t\t<div class=\"elementor-container elementor-column-gap-default\">\n\t\t\t\t\t<div class=\"elementor-column elementor-col-100 elementor-top-column elementor-element elementor-element-43c900a\" data-id=\"43c900a\" data-element_type=\"column\" data-e-type=\"column\">\n\t\t\t<div class=\"elementor-widget-wrap elementor-element-populated\">\n\t\t\t\t\t\t<div class=\"elementor-element elementor-element-dc33d9c elementor-widget elementor-widget-text-editor\" data-id=\"dc33d9c\" data-element_type=\"widget\" data-e-type=\"widget\" data-widget_type=\"text-editor.default\">\n\t\t\t\t<div class=\"elementor-widget-container\">\n\t\t\t\t\t\t\t\t\t<p>As\u00ed la ley que criminaliza la normalizaci\u00f3n y el establecimiento de relaciones con Israel contienen una importante carga simb\u00f3lica para superar el discurso esgrimido por Ir\u00e1n, pa\u00eds que ha recurrido tambi\u00e9n a acciones denunciadas por Israel. Sadr, adem\u00e1s de sus v\u00ednculos con cl\u00e9rigos iran\u00edes, es primo del fundador del movimiento Amal que participa en las alianzas pol\u00edticas en L\u00edbano.<\/p>\t\t\t\t\t\t\t\t<\/div>\n\t\t\t\t<\/div>\n\t\t\t\t\t<\/div>\n\t\t<\/div>\n\t\t\t\t\t<\/div>\n\t\t<\/section>\n\t\t\t\t<section class=\"elementor-section elementor-top-section elementor-element elementor-element-ab8e577 elementor-section-boxed elementor-section-height-default elementor-section-height-default\" data-id=\"ab8e577\" data-element_type=\"section\" data-e-type=\"section\">\n\t\t\t\t\t\t<div class=\"elementor-container elementor-column-gap-default\">\n\t\t\t\t\t<div class=\"elementor-column elementor-col-100 elementor-top-column elementor-element elementor-element-dfe7fd7\" data-id=\"dfe7fd7\" data-element_type=\"column\" data-e-type=\"column\">\n\t\t\t<div class=\"elementor-widget-wrap elementor-element-populated\">\n\t\t\t\t\t\t<div class=\"elementor-element elementor-element-8da9f1f elementor-widget elementor-widget-text-editor\" data-id=\"8da9f1f\" data-element_type=\"widget\" data-e-type=\"widget\" data-widget_type=\"text-editor.default\">\n\t\t\t\t<div class=\"elementor-widget-container\">\n\t\t\t\t\t\t\t\t\t<p>Desde la llegada del nuevo gobierno el primer ministro Mustaf\u00e1 Al-Khadimi se ha mantenido el impasse institucional sin llegar a las reformas pol\u00edticas. Algo de suma importancia en esta situaci\u00f3n fue el rechazo del tribunal federal sobre la seguridad alimentaria, defendida fuertemente por los sadristas que ven el problema que genera la guerra entre Rusia y Ucrania. Muqtada Sadr logr\u00f3 romper con el consenso que se logr\u00f3 despu\u00e9s de la ca\u00edda del antiguo r\u00e9gimen, erigi\u00e9ndose en l\u00edder de la mayor\u00eda con su principal aliado: el Partido Dem\u00f3crata de Kurdist\u00e1n (KDP) -que detenta el poder en Erbil, en el norte del pa\u00eds-, conducido por Massoud Barzani, el kurdo que hoy funge como presidente.<\/p>\t\t\t\t\t\t\t\t<\/div>\n\t\t\t\t<\/div>\n\t\t\t\t\t<\/div>\n\t\t<\/div>\n\t\t\t\t\t<\/div>\n\t\t<\/section>\n\t\t\t\t<section class=\"elementor-section elementor-top-section elementor-element elementor-element-a934bb4 elementor-section-boxed elementor-section-height-default elementor-section-height-default\" data-id=\"a934bb4\" data-element_type=\"section\" data-e-type=\"section\">\n\t\t\t\t\t\t<div class=\"elementor-container elementor-column-gap-default\">\n\t\t\t\t\t<div class=\"elementor-column elementor-col-100 elementor-top-column elementor-element elementor-element-b64ba6e\" data-id=\"b64ba6e\" data-element_type=\"column\" data-e-type=\"column\">\n\t\t\t<div class=\"elementor-widget-wrap elementor-element-populated\">\n\t\t\t\t\t\t<div class=\"elementor-element elementor-element-489c7ea elementor-widget elementor-widget-text-editor\" data-id=\"489c7ea\" data-element_type=\"widget\" data-e-type=\"widget\" data-widget_type=\"text-editor.default\">\n\t\t\t\t<div class=\"elementor-widget-container\">\n\t\t\t\t\t\t\t\t\t<p>Sadr, cuyo partido representa la mayor\u00eda en el Parlamento, se presenta como populista, nacionalista, chiita y antiestadunidense, y es capaz de contener la hegemon\u00eda sunita en el pa\u00eds que re\u00fane a 60% contra 40% de chiitas. Y a\u00fan as\u00ed su liderazgo es muy fuerte. Su antiamericanismo le ha valido la reacci\u00f3n de Washington que se ha opuesto a la ley en cuesti\u00f3n criticando que atenta contra la libertad de expresi\u00f3n en un antiisraelismo sin frontera con el antisemitismo.<\/p>\t\t\t\t\t\t\t\t<\/div>\n\t\t\t\t<\/div>\n\t\t\t\t\t<\/div>\n\t\t<\/div>\n\t\t\t\t\t<\/div>\n\t\t<\/section>\n\t\t\t\t<section class=\"elementor-section elementor-top-section elementor-element elementor-element-e93e6bf elementor-section-boxed elementor-section-height-default elementor-section-height-default\" data-id=\"e93e6bf\" data-element_type=\"section\" data-e-type=\"section\">\n\t\t\t\t\t\t<div class=\"elementor-container elementor-column-gap-default\">\n\t\t\t\t\t<div class=\"elementor-column elementor-col-100 elementor-top-column elementor-element elementor-element-1378694\" data-id=\"1378694\" data-element_type=\"column\" data-e-type=\"column\">\n\t\t\t<div class=\"elementor-widget-wrap elementor-element-populated\">\n\t\t\t\t\t\t<div class=\"elementor-element elementor-element-2a4591a elementor-widget elementor-widget-text-editor\" data-id=\"2a4591a\" data-element_type=\"widget\" data-e-type=\"widget\" data-widget_type=\"text-editor.default\">\n\t\t\t\t<div class=\"elementor-widget-container\">\n\t\t\t\t\t\t\t\t\t<p>La ley propuesta es vista por algunos analistas como una maniobra para neutralizar el discurso iran\u00ed, haci\u00e9ndolo suyo, con la garant\u00eda de competir su estrategia y hacer acopio de simpatizantes. Los dirigentes de Ir\u00e1n saben por qu\u00e9 Sadr hace esto y puede relacionarse con una posible coalici\u00f3n nacional.<\/p>\t\t\t\t\t\t\t\t<\/div>\n\t\t\t\t<\/div>\n\t\t\t\t\t<\/div>\n\t\t<\/div>\n\t\t\t\t\t<\/div>\n\t\t<\/section>\n\t\t\t\t<section class=\"elementor-section elementor-top-section elementor-element elementor-element-ee031ae elementor-section-boxed elementor-section-height-default elementor-section-height-default\" data-id=\"ee031ae\" data-element_type=\"section\" data-e-type=\"section\">\n\t\t\t\t\t\t<div class=\"elementor-container elementor-column-gap-default\">\n\t\t\t\t\t<div class=\"elementor-column elementor-col-100 elementor-top-column elementor-element elementor-element-99ce258\" data-id=\"99ce258\" data-element_type=\"column\" data-e-type=\"column\">\n\t\t\t<div class=\"elementor-widget-wrap elementor-element-populated\">\n\t\t\t\t\t\t<div class=\"elementor-element elementor-element-8c7d7ff elementor-widget elementor-widget-text-editor\" data-id=\"8c7d7ff\" data-element_type=\"widget\" data-e-type=\"widget\" data-widget_type=\"text-editor.default\">\n\t\t\t\t<div class=\"elementor-widget-container\">\n\t\t\t\t\t\t\t\t\t<p>La ley propuesta es vista por algunos analistas como una maniobra para neutralizar el discurso iran\u00ed, haci\u00e9ndolo suyo, con la garant\u00eda de competir su estrategia y hacer acopio de simpatizantes. Los dirigentes de Ir\u00e1n saben por qu\u00e9 Sadr hace esto y puede relacionarse con una posible coalici\u00f3n nacional.<\/p>\t\t\t\t\t\t\t\t<\/div>\n\t\t\t\t<\/div>\n\t\t\t\t\t<\/div>\n\t\t<\/div>\n\t\t\t\t\t<\/div>\n\t\t<\/section>\n\t\t\t\t<section class=\"elementor-section elementor-top-section elementor-element elementor-element-b8df8db elementor-section-boxed elementor-section-height-default elementor-section-height-default\" data-id=\"b8df8db\" data-element_type=\"section\" data-e-type=\"section\">\n\t\t\t\t\t\t<div class=\"elementor-container elementor-column-gap-default\">\n\t\t\t\t\t<div class=\"elementor-column elementor-col-100 elementor-top-column elementor-element elementor-element-b93addd\" data-id=\"b93addd\" data-element_type=\"column\" data-e-type=\"column\">\n\t\t\t<div class=\"elementor-widget-wrap elementor-element-populated\">\n\t\t\t\t\t\t<div class=\"elementor-element elementor-element-7f889ef elementor-widget elementor-widget-text-editor\" data-id=\"7f889ef\" data-element_type=\"widget\" data-e-type=\"widget\" data-widget_type=\"text-editor.default\">\n\t\t\t\t<div class=\"elementor-widget-container\">\n\t\t\t\t\t\t\t\t\t<p>La iniciativa de Sadr a los dos meses de que Teher\u00e1n lanzara una docena de misiles contra la capital del Kurdist\u00e1n iraqu\u00ed alert\u00f3 a Israel sobre los centros estrat\u00e9gicos que ese pa\u00eds tiene en la regi\u00f3n. No ignora que son los pa\u00edses de hegemon\u00eda sunita los que m\u00e1s se han involucrado en abrir el camino al establecimiento de relaciones, contrariamente a los de mayor\u00eda chiita que imponen m\u00e1s obst\u00e1culos y donde el discurso antisrael\u00ed tiene m\u00e1s fuerza.<\/p>\t\t\t\t\t\t\t\t<\/div>\n\t\t\t\t<\/div>\n\t\t\t\t\t<\/div>\n\t\t<\/div>\n\t\t\t\t\t<\/div>\n\t\t<\/section>\n\t\t\t\t<section class=\"elementor-section elementor-top-section elementor-element elementor-element-1fe87d1 elementor-section-boxed elementor-section-height-default elementor-section-height-default\" data-id=\"1fe87d1\" data-element_type=\"section\" data-e-type=\"section\">\n\t\t\t\t\t\t<div class=\"elementor-container elementor-column-gap-default\">\n\t\t\t\t\t<div class=\"elementor-column elementor-col-100 elementor-top-column elementor-element elementor-element-692e0b3\" data-id=\"692e0b3\" data-element_type=\"column\" data-e-type=\"column\">\n\t\t\t<div class=\"elementor-widget-wrap elementor-element-populated\">\n\t\t\t\t\t\t<div class=\"elementor-element elementor-element-09defcf elementor-widget elementor-widget-text-editor\" data-id=\"09defcf\" data-element_type=\"widget\" data-e-type=\"widget\" data-widget_type=\"text-editor.default\">\n\t\t\t\t<div class=\"elementor-widget-container\">\n\t\t\t\t\t\t\t\t\t<p>Aunque aparentemente sin relaci\u00f3n, dos asuntos confluyen en la predisposici\u00f3n en contra de Israel. EL 2 de junio pasado las miradas se volv\u00edan hacia el campo gasero de Kadish esperando la anunciada llegada de la unidad flotante Energean Power de tratamiento de hidrocarburos. Lleg\u00f3 desde Singapur donde fue construida durante un a\u00f1o. Pareci\u00f3 un acto de provocaci\u00f3n para L\u00edbano de parte de Israel porque se campo, junto con el de Tanin, est\u00e1 en el \u00e1rea en disputa entre esos dos pa\u00edses en el Mediterr\u00e1neo Oriental. Las negociaciones se iniciaron desde 2020 con la participaci\u00f3n de la ONU y de Estados Unidos, pero fueron interrumpidas. Ahora el primer ministro de L\u00edbano ha invitado al negociador Amos Hochestein a Beirut para reanudarlas, delimitar la frontera y evitar una escalada en contra de la estabilidad y la paz en la regi\u00f3n.<\/p>\t\t\t\t\t\t\t\t<\/div>\n\t\t\t\t<\/div>\n\t\t\t\t\t<\/div>\n\t\t<\/div>\n\t\t\t\t\t<\/div>\n\t\t<\/section>\n\t\t\t\t<section class=\"elementor-section elementor-top-section elementor-element elementor-element-16a0789 elementor-section-boxed elementor-section-height-default elementor-section-height-default\" data-id=\"16a0789\" data-element_type=\"section\" data-e-type=\"section\">\n\t\t\t\t\t\t<div class=\"elementor-container elementor-column-gap-default\">\n\t\t\t\t\t<div class=\"elementor-column elementor-col-100 elementor-top-column elementor-element elementor-element-9f0969b\" data-id=\"9f0969b\" data-element_type=\"column\" data-e-type=\"column\">\n\t\t\t<div class=\"elementor-widget-wrap elementor-element-populated\">\n\t\t\t\t\t\t<div class=\"elementor-element elementor-element-56ccd5b elementor-widget elementor-widget-text-editor\" data-id=\"56ccd5b\" data-element_type=\"widget\" data-e-type=\"widget\" data-widget_type=\"text-editor.default\">\n\t\t\t\t<div class=\"elementor-widget-container\">\n\t\t\t\t\t\t\t\t\t<p>Aunque aparentemente sin relaci\u00f3n, dos asuntos confluyen en la predisposici\u00f3n en contra de Israel. EL 2 de junio pasado las miradas se volv\u00edan hacia el campo gasero de Kadish esperando la anunciada llegada de la unidad flotante Energean Power de tratamiento de hidrocarburos. Lleg\u00f3 desde Singapur donde fue construida durante un a\u00f1o. Pareci\u00f3 un acto de provocaci\u00f3n para L\u00edbano de parte de Israel porque se campo, junto con el de Tanin, est\u00e1 en el \u00e1rea en disputa entre esos dos pa\u00edses en el Mediterr\u00e1neo Oriental. Las negociaciones se iniciaron desde 2020 con la participaci\u00f3n de la ONU y de Estados Unidos, pero fueron interrumpidas. Ahora el primer ministro de L\u00edbano ha invitado al negociador Amos Hochestein a Beirut para reanudarlas, delimitar la frontera y evitar una escalada en contra de la estabilidad y la paz en la regi\u00f3n.<\/p>\t\t\t\t\t\t\t\t<\/div>\n\t\t\t\t<\/div>\n\t\t\t\t\t<\/div>\n\t\t<\/div>\n\t\t\t\t\t<\/div>\n\t\t<\/section>\n\t\t\t\t<section class=\"elementor-section elementor-top-section elementor-element elementor-element-781b5f4 elementor-section-boxed elementor-section-height-default elementor-section-height-default\" data-id=\"781b5f4\" data-element_type=\"section\" data-e-type=\"section\">\n\t\t\t\t\t\t<div class=\"elementor-container elementor-column-gap-default\">\n\t\t\t\t\t<div class=\"elementor-column elementor-col-100 elementor-top-column elementor-element elementor-element-3fb1dd9\" data-id=\"3fb1dd9\" data-element_type=\"column\" data-e-type=\"column\">\n\t\t\t<div class=\"elementor-widget-wrap elementor-element-populated\">\n\t\t\t\t\t\t<div class=\"elementor-element elementor-element-aae207d elementor-widget elementor-widget-text-editor\" data-id=\"aae207d\" data-element_type=\"widget\" data-e-type=\"widget\" data-widget_type=\"text-editor.default\">\n\t\t\t\t<div class=\"elementor-widget-container\">\n\t\t\t\t\t\t\t\t\t<p>Una estrategia ideol\u00f3gica y un hecho coinciden en la disyuntiva Israel y mundo \u00e1rabe que ha mantenido la tensi\u00f3n en Medio Oriente y que en ambos asuntos involucra a Ir\u00e1n, as\u00ed como al problema confesional que ya ha sido cimiente de profundos problemas. Ahora el islam aparece dividido cuando los sunitas miran hacia Arabia Saudita m\u00e1s dispuestos a reconocer a la convivencia con Israel, a diferencia de los chiitas que miran hacia Ir\u00e1n.<\/p>\t\t\t\t\t\t\t\t<\/div>\n\t\t\t\t<\/div>\n\t\t\t\t\t<\/div>\n\t\t<\/div>\n\t\t\t\t\t<\/div>\n\t\t<\/section>\n\t\t\t\t<section class=\"elementor-section elementor-top-section elementor-element elementor-element-fb97a28 elementor-section-boxed elementor-section-height-default elementor-section-height-default\" data-id=\"fb97a28\" data-element_type=\"section\" data-e-type=\"section\">\n\t\t\t\t\t\t<div class=\"elementor-container elementor-column-gap-default\">\n\t\t\t\t\t<div class=\"elementor-column elementor-col-100 elementor-top-column elementor-element elementor-element-034c79d\" data-id=\"034c79d\" data-element_type=\"column\" data-e-type=\"column\">\n\t\t\t<div class=\"elementor-widget-wrap elementor-element-populated\">\n\t\t\t\t\t\t<div class=\"elementor-element elementor-element-71dbf11 elementor-widget elementor-widget-text-editor\" data-id=\"71dbf11\" data-element_type=\"widget\" data-e-type=\"widget\" data-widget_type=\"text-editor.default\">\n\t\t\t\t<div class=\"elementor-widget-container\">\n\t\t\t\t\t\t\t\t\t<p>Publicado en Revista Proceso, n\u00fam. 2380, el 12 de junio de 2022<\/p>\t\t\t\t\t\t\t\t<\/div>\n\t\t\t\t<\/div>\n\t\t\t\t\t<\/div>\n\t\t<\/div>\n\t\t\t\t\t<\/div>\n\t\t<\/section>\n\t\t\t\t<\/div>\n\t\t","protected":false},"excerpt":{"rendered":"<p>A partir de 2020 Tel Aviv ha avanzado en diferentes intentos por establecer relaciones con cuatro estados \u00e1rabes, entre los que Abud Dhabi se encuentra a la cabeza. Ahora tambi\u00e9n Israel ha decidido colocar una plataforma para la exploraci\u00f3n en el mar profundo en el Mediterr\u00e1neo oriental en un sitio en disputa con L\u00edbano porque no se han delimitado las fronteras mar\u00edtimas, lo cual ha hecho reaccionar a las autoridades libanesas solicitando la mediaci\u00f3n de Estados Unidos para de una vez por todas poner fin a la cuesti\u00f3n. Sobra decir que los libaneses han estado muy entretenidos en la organizaci\u00f3n y realizaci\u00f3n de las elecciones legislativas que dar\u00e1n paso al establecimiento de un nuevo gobierno que bien lo necesitan. Aprovech\u00e1ndose de esa situaci\u00f3n, adem\u00e1s de los graves problemas que enfrentan los libaneses, Israel tom\u00f3 esta decisi\u00f3n unilateral.<\/p>\n","protected":false},"author":2,"featured_media":1571,"comment_status":"open","ping_status":"open","sticky":true,"template":"","format":"standard","meta":{"footnotes":""},"categories":[31],"tags":[15],"class_list":["post-1361","post","type-post","status-publish","format-standard","has-post-thumbnail","hentry","category-opinion","tag-carlos-martinez-assad"],"_links":{"self":[{"href":"https:\/\/sucumo.sdi.unam.mx\/index.php?rest_route=\/wp\/v2\/posts\/1361","targetHints":{"allow":["GET"]}}],"collection":[{"href":"https:\/\/sucumo.sdi.unam.mx\/index.php?rest_route=\/wp\/v2\/posts"}],"about":[{"href":"https:\/\/sucumo.sdi.unam.mx\/index.php?rest_route=\/wp\/v2\/types\/post"}],"author":[{"embeddable":true,"href":"https:\/\/sucumo.sdi.unam.mx\/index.php?rest_route=\/wp\/v2\/users\/2"}],"replies":[{"embeddable":true,"href":"https:\/\/sucumo.sdi.unam.mx\/index.php?rest_route=%2Fwp%2Fv2%2Fcomments&post=1361"}],"version-history":[{"count":6,"href":"https:\/\/sucumo.sdi.unam.mx\/index.php?rest_route=\/wp\/v2\/posts\/1361\/revisions"}],"predecessor-version":[{"id":1572,"href":"https:\/\/sucumo.sdi.unam.mx\/index.php?rest_route=\/wp\/v2\/posts\/1361\/revisions\/1572"}],"wp:featuredmedia":[{"embeddable":true,"href":"https:\/\/sucumo.sdi.unam.mx\/index.php?rest_route=\/wp\/v2\/media\/1571"}],"wp:attachment":[{"href":"https:\/\/sucumo.sdi.unam.mx\/index.php?rest_route=%2Fwp%2Fv2%2Fmedia&parent=1361"}],"wp:term":[{"taxonomy":"category","embeddable":true,"href":"https:\/\/sucumo.sdi.unam.mx\/index.php?rest_route=%2Fwp%2Fv2%2Fcategories&post=1361"},{"taxonomy":"post_tag","embeddable":true,"href":"https:\/\/sucumo.sdi.unam.mx\/index.php?rest_route=%2Fwp%2Fv2%2Ftags&post=1361"}],"curies":[{"name":"wp","href":"https:\/\/api.w.org\/{rel}","templated":true}]}}