{"id":1694,"date":"2023-06-16T10:33:20","date_gmt":"2023-06-16T16:33:20","guid":{"rendered":"https:\/\/sucumo.sdi.unam.mx\/?p=1694"},"modified":"2023-06-16T10:49:33","modified_gmt":"2023-06-16T16:49:33","slug":"el-arte-de-contar-la-historia-con-musica-de-kaija-saariaho","status":"publish","type":"post","link":"https:\/\/sucumo.sdi.unam.mx\/?p=1694","title":{"rendered":"El arte de contar la historia con m\u00fasica de Kaija Saariaho"},"content":{"rendered":"\t\t<div data-elementor-type=\"wp-post\" data-elementor-id=\"1694\" class=\"elementor elementor-1694\">\n\t\t\t\t\t\t<section class=\"elementor-section elementor-top-section elementor-element elementor-element-ebd18a1 elementor-section-boxed elementor-section-height-default elementor-section-height-default\" data-id=\"ebd18a1\" data-element_type=\"section\" data-e-type=\"section\">\n\t\t\t\t\t\t<div class=\"elementor-container elementor-column-gap-default\">\n\t\t\t\t\t<div class=\"elementor-column elementor-col-100 elementor-top-column elementor-element elementor-element-67c6675\" data-id=\"67c6675\" data-element_type=\"column\" data-e-type=\"column\">\n\t\t\t<div class=\"elementor-widget-wrap elementor-element-populated\">\n\t\t\t\t\t\t<div class=\"elementor-element elementor-element-1f20290 elementor-widget elementor-widget-heading\" data-id=\"1f20290\" data-element_type=\"widget\" data-e-type=\"widget\" data-widget_type=\"heading.default\">\n\t\t\t\t<div class=\"elementor-widget-container\">\n\t\t\t\t\t<h2 class=\"elementor-heading-title elementor-size-xl\"><b>El arte de contar la historia con m\u00fasica de Kaija Saariaho\n<\/b><\/h2>\t\t\t\t<\/div>\n\t\t\t\t<\/div>\n\t\t\t\t\t<\/div>\n\t\t<\/div>\n\t\t\t\t\t<\/div>\n\t\t<\/section>\n\t\t\t\t<section class=\"elementor-section elementor-top-section elementor-element elementor-element-3b46d78 elementor-section-boxed elementor-section-height-default elementor-section-height-default\" data-id=\"3b46d78\" data-element_type=\"section\" data-e-type=\"section\">\n\t\t\t\t\t\t<div class=\"elementor-container elementor-column-gap-default\">\n\t\t\t\t\t<div class=\"elementor-column elementor-col-100 elementor-top-column elementor-element elementor-element-5612a3a\" data-id=\"5612a3a\" data-element_type=\"column\" data-e-type=\"column\">\n\t\t\t<div class=\"elementor-widget-wrap elementor-element-populated\">\n\t\t\t\t\t\t<div class=\"elementor-element elementor-element-be7e85d elementor-widget elementor-widget-text-editor\" data-id=\"be7e85d\" data-element_type=\"widget\" data-e-type=\"widget\" data-widget_type=\"text-editor.default\">\n\t\t\t\t<div class=\"elementor-widget-container\">\n\t\t\t\t\t\t\t\t\t<p><strong>Carlos Mart\u00ednez Assad<\/strong><\/p>\t\t\t\t\t\t\t\t<\/div>\n\t\t\t\t<\/div>\n\t\t\t\t\t<\/div>\n\t\t<\/div>\n\t\t\t\t\t<\/div>\n\t\t<\/section>\n\t\t\t\t<section class=\"elementor-section elementor-top-section elementor-element elementor-element-01e8113 elementor-section-boxed elementor-section-height-default elementor-section-height-default\" data-id=\"01e8113\" data-element_type=\"section\" data-e-type=\"section\">\n\t\t\t\t\t\t<div class=\"elementor-container elementor-column-gap-default\">\n\t\t\t\t\t<div class=\"elementor-column elementor-col-100 elementor-top-column elementor-element elementor-element-a1e2ac7\" data-id=\"a1e2ac7\" data-element_type=\"column\" data-e-type=\"column\">\n\t\t\t<div class=\"elementor-widget-wrap elementor-element-populated\">\n\t\t\t\t\t\t<div class=\"elementor-element elementor-element-28326af elementor-widget elementor-widget-text-editor\" data-id=\"28326af\" data-element_type=\"widget\" data-e-type=\"widget\" data-widget_type=\"text-editor.default\">\n\t\t\t\t<div class=\"elementor-widget-container\">\n\t\t\t\t\t\t\t\t\t<p>La compositora finlandesa Kaija Saariaho muri\u00f3 el pasado 2 de junio, reconocida y galardonada internacionalmente por sus numerosas composiciones, dej\u00f3 una obra \u00fanica al lado del escritor liban\u00e9s Amin Maalouf, a la que vale la pena referirse por su v\u00ednculo con L\u00edbano. Su propuesta a\u00f1ade a esa historia que llega hasta el presente para contarse a trav\u00e9s de la m\u00fasica. Sobre las virtudes art\u00edstica de Saariaho han escrito numerosos cr\u00edticos musicales, por lo que busco resaltar lo que aportan los libretos realizados por Maalouf para entender el Medio Oriente. Su propuesta difiere de la interpretaci\u00f3n de Edward Said, para quien la famosa \u00f3pera A\u00edda de Verdi \u201ccumple con muchas de las necesidades de la cultura europea y desde dentro de ella\u2026 [como] confirmar que Oriente es un lugar esencialmente ex\u00f3tico, distante y antiguo en el cual los europeos pueden desplegar sus exhibiciones de fuerza\u201d. En cambio, la pluma de Maalouf extiende la historia que ha contado en sus novelas a sus libretos oper\u00edsticos, contadas desde adentro respetando sus rasgos culturales.<\/p>\t\t\t\t\t\t\t\t<\/div>\n\t\t\t\t<\/div>\n\t\t\t\t\t<\/div>\n\t\t<\/div>\n\t\t\t\t\t<\/div>\n\t\t<\/section>\n\t\t\t\t<section class=\"elementor-section elementor-top-section elementor-element elementor-element-c8104e5 elementor-section-boxed elementor-section-height-default elementor-section-height-default\" data-id=\"c8104e5\" data-element_type=\"section\" data-e-type=\"section\">\n\t\t\t\t\t\t<div class=\"elementor-container elementor-column-gap-default\">\n\t\t\t\t\t<div class=\"elementor-column elementor-col-100 elementor-top-column elementor-element elementor-element-fae28ac\" data-id=\"fae28ac\" data-element_type=\"column\" data-e-type=\"column\">\n\t\t\t<div class=\"elementor-widget-wrap elementor-element-populated\">\n\t\t\t\t\t\t<div class=\"elementor-element elementor-element-14ddad9 elementor-widget elementor-widget-text-editor\" data-id=\"14ddad9\" data-element_type=\"widget\" data-e-type=\"widget\" data-widget_type=\"text-editor.default\">\n\t\t\t\t<div class=\"elementor-widget-container\">\n\t\t\t\t\t\t\t\t\t<p>De tal manera que el escritor liban\u00e9s ha mantenido su incansable labor amasando leyendas y relatos, con los recursos musicales de Kaija Saariaho; desde su primer encuentro en El amor de lejos (2000), que lo llevaron de nuevo a su L\u00edbano hist\u00f3rico para narrar un amor imposible en tiempos de las cruzadas en Tr\u00edpoli, donde aun se\u00f1orea frente al mar la fortaleza construida por los cristianos para resistir a los musulmanes. All\u00ed vive la condesa Clemencia quien se ha enamorada de Jaufr\u00e9 Rudel, pr\u00edncipe y trovador de Blaye, solamente por escuchar su voz y por la mediaci\u00f3n de un peregrino que ha logrado alentar su enamoramiento, generando un apasionado amor de lejos.<\/p>\t\t\t\t\t\t\t\t<\/div>\n\t\t\t\t<\/div>\n\t\t\t\t\t<\/div>\n\t\t<\/div>\n\t\t\t\t\t<\/div>\n\t\t<\/section>\n\t\t\t\t<section class=\"elementor-section elementor-top-section elementor-element elementor-element-53fbe17 elementor-section-boxed elementor-section-height-default elementor-section-height-default\" data-id=\"53fbe17\" data-element_type=\"section\" data-e-type=\"section\">\n\t\t\t\t\t\t<div class=\"elementor-container elementor-column-gap-default\">\n\t\t\t\t\t<div class=\"elementor-column elementor-col-100 elementor-top-column elementor-element elementor-element-64448b2\" data-id=\"64448b2\" data-element_type=\"column\" data-e-type=\"column\">\n\t\t\t<div class=\"elementor-widget-wrap elementor-element-populated\">\n\t\t\t\t\t\t<div class=\"elementor-element elementor-element-030dee4 elementor-widget elementor-widget-text-editor\" data-id=\"030dee4\" data-element_type=\"widget\" data-e-type=\"widget\" data-widget_type=\"text-editor.default\">\n\t\t\t\t<div class=\"elementor-widget-container\">\n\t\t\t\t\t\t\t\t\t<p>El tema se sustenta en la leyenda de un pr\u00edncipe viajero que se enrol\u00f3 en el ej\u00e9rcito de una de las cruzadas, enferm\u00f3 en alta mar y s\u00f3lo lleg\u00f3 a su destino a Tr\u00edpoli para morir junto a su amada Clemencia, a quien nunca conoci\u00f3. Un libreto po\u00e9tico, excepcional por su sencillez, escrito en franc\u00e9s por el novelista y ensayista, musicalizado por Kaija Saariaho, que agrega un sorprendente giro oper\u00edstico. La opera, dirigida por Peter Sellars e interpretada por Gerald Finley en el papel de Jaufr\u00e9, Dawn Upshaw en el de Clemencia y M\u00f3nica Groop como el peregrino, mencion\u00f3 el cr\u00edtico musical Mark Sweed (Los Angeles Times, 15 de agosto de 2000) que asisti\u00f3 a su estreno mundial en el Festival de Salzburgo 2000, menciona la u brillante y poderosa escena de transformaci\u00f3n para Clemencia cuando los tres personajes logran una fuerte y conmovedora expresi\u00f3n, de acuerdo con la poes\u00eda de Maalouf:<\/p>\t\t\t\t\t\t\t\t<\/div>\n\t\t\t\t<\/div>\n\t\t\t\t\t<\/div>\n\t\t<\/div>\n\t\t\t\t\t<\/div>\n\t\t<\/section>\n\t\t\t\t<section class=\"elementor-section elementor-top-section elementor-element elementor-element-f6397df elementor-section-boxed elementor-section-height-default elementor-section-height-default\" data-id=\"f6397df\" data-element_type=\"section\" data-e-type=\"section\">\n\t\t\t\t\t\t<div class=\"elementor-container elementor-column-gap-default\">\n\t\t\t\t\t<div class=\"elementor-column elementor-col-100 elementor-top-column elementor-element elementor-element-a9cb601\" data-id=\"a9cb601\" data-element_type=\"column\" data-e-type=\"column\">\n\t\t\t<div class=\"elementor-widget-wrap elementor-element-populated\">\n\t\t\t\t\t\t<div class=\"elementor-element elementor-element-9d14856 elementor-widget elementor-widget-text-editor\" data-id=\"9d14856\" data-element_type=\"widget\" data-e-type=\"widget\" data-widget_type=\"text-editor.default\">\n\t\t\t\t<div class=\"elementor-widget-container\">\n\t\t\t\t\t\t\t\t\t<p>Nunca antes hab\u00eda tenido ganas de embarcarme.<\/p><p>Pero ahora al final del viaje est\u00e1 Tr\u00edpoli.<\/p><p>Al final del viaje est\u00e1 Clemencia,<\/p><p>Est\u00e1 mi segundo nacimiento.<\/p><p>El agua del bautismo ser\u00e1 profunda y fr\u00eda,<\/p><p>Al final del viaje empezar\u00e1 mi vida.<\/p>\t\t\t\t\t\t\t\t<\/div>\n\t\t\t\t<\/div>\n\t\t\t\t\t<\/div>\n\t\t<\/div>\n\t\t\t\t\t<\/div>\n\t\t<\/section>\n\t\t\t\t<section class=\"elementor-section elementor-top-section elementor-element elementor-element-96189fe elementor-section-boxed elementor-section-height-default elementor-section-height-default\" data-id=\"96189fe\" data-element_type=\"section\" data-e-type=\"section\">\n\t\t\t\t\t\t<div class=\"elementor-container elementor-column-gap-default\">\n\t\t\t\t\t<div class=\"elementor-column elementor-col-100 elementor-top-column elementor-element elementor-element-457677f\" data-id=\"457677f\" data-element_type=\"column\" data-e-type=\"column\">\n\t\t\t<div class=\"elementor-widget-wrap elementor-element-populated\">\n\t\t\t\t\t\t<div class=\"elementor-element elementor-element-009c796 elementor-widget elementor-widget-text-editor\" data-id=\"009c796\" data-element_type=\"widget\" data-e-type=\"widget\" data-widget_type=\"text-editor.default\">\n\t\t\t\t<div class=\"elementor-widget-container\">\n\t\t\t\t\t\t\t\t\t<p>La clave del recitativo de Clemencia es la misma que ha emprendido el autor, expresado en la primera frase del poema final de la hero\u00edna: \u201cSi te llamas Amor s\u00f3lo a ti te adoro, Se\u00f1or\u201d. Clama por no sufrir y se conforma porque:<\/p>\t\t\t\t\t\t\t\t<\/div>\n\t\t\t\t<\/div>\n\t\t\t\t\t<\/div>\n\t\t<\/div>\n\t\t\t\t\t<\/div>\n\t\t<\/section>\n\t\t\t\t<section class=\"elementor-section elementor-top-section elementor-element elementor-element-0db94c5 elementor-section-boxed elementor-section-height-default elementor-section-height-default\" data-id=\"0db94c5\" data-element_type=\"section\" data-e-type=\"section\">\n\t\t\t\t\t\t<div class=\"elementor-container elementor-column-gap-default\">\n\t\t\t\t\t<div class=\"elementor-column elementor-col-100 elementor-top-column elementor-element elementor-element-f581c0a\" data-id=\"f581c0a\" data-element_type=\"column\" data-e-type=\"column\">\n\t\t\t<div class=\"elementor-widget-wrap elementor-element-populated\">\n\t\t\t\t\t\t<div class=\"elementor-element elementor-element-40b54ca elementor-widget elementor-widget-text-editor\" data-id=\"40b54ca\" data-element_type=\"widget\" data-e-type=\"widget\" data-widget_type=\"text-editor.default\">\n\t\t\t\t<div class=\"elementor-widget-container\">\n\t\t\t\t\t\t\t\t\t<p>Sus canciones son m\u00e1s que caricias y no s\u00e9 si<\/p><p>amar\u00eda al hombre como amo al poeta.<\/p><p>No s\u00e9 si amar\u00eda su voz tanto como amo a su m\u00fasica.<\/p>\t\t\t\t\t\t\t\t<\/div>\n\t\t\t\t<\/div>\n\t\t\t\t\t<\/div>\n\t\t<\/div>\n\t\t\t\t\t<\/div>\n\t\t<\/section>\n\t\t\t\t<section class=\"elementor-section elementor-top-section elementor-element elementor-element-ea6697b elementor-section-boxed elementor-section-height-default elementor-section-height-default\" data-id=\"ea6697b\" data-element_type=\"section\" data-e-type=\"section\">\n\t\t\t\t\t\t<div class=\"elementor-container elementor-column-gap-default\">\n\t\t\t\t\t<div class=\"elementor-column elementor-col-100 elementor-top-column elementor-element elementor-element-3e7b9ac\" data-id=\"3e7b9ac\" data-element_type=\"column\" data-e-type=\"column\">\n\t\t\t<div class=\"elementor-widget-wrap elementor-element-populated\">\n\t\t\t\t\t\t<div class=\"elementor-element elementor-element-0ba912b elementor-widget elementor-widget-text-editor\" data-id=\"0ba912b\" data-element_type=\"widget\" data-e-type=\"widget\" data-widget_type=\"text-editor.default\">\n\t\t\t\t<div class=\"elementor-widget-container\">\n\t\t\t\t\t\t\t\t\t<p>La pareja de artistas, la una europea y el otro con su coraz\u00f3n enraizado en L\u00edbano, emprendi\u00f3 otro proyecto al convertir en m\u00fasica el poema Cuatro instantes (2002), una bella composici\u00f3n donde es el amor el motivo que prevalece:<\/p>\t\t\t\t\t\t\t\t<\/div>\n\t\t\t\t<\/div>\n\t\t\t\t\t<\/div>\n\t\t<\/div>\n\t\t\t\t\t<\/div>\n\t\t<\/section>\n\t\t\t\t<section class=\"elementor-section elementor-top-section elementor-element elementor-element-672aa66 elementor-section-boxed elementor-section-height-default elementor-section-height-default\" data-id=\"672aa66\" data-element_type=\"section\" data-e-type=\"section\">\n\t\t\t\t\t\t<div class=\"elementor-container elementor-column-gap-default\">\n\t\t\t\t\t<div class=\"elementor-column elementor-col-100 elementor-top-column elementor-element elementor-element-e99ae5d\" data-id=\"e99ae5d\" data-element_type=\"column\" data-e-type=\"column\">\n\t\t\t<div class=\"elementor-widget-wrap elementor-element-populated\">\n\t\t\t\t\t\t<div class=\"elementor-element elementor-element-982f081 elementor-widget elementor-widget-text-editor\" data-id=\"982f081\" data-element_type=\"widget\" data-e-type=\"widget\" data-widget_type=\"text-editor.default\">\n\t\t\t\t<div class=\"elementor-widget-container\">\n\t\t\t\t\t\t\t\t\t<p>Nuestros labios se frotan<\/p><p>Nuestros dedos se entrelazan<\/p><p>Nuestros cuerpos se descubren<\/p><p>Pero yo cierro los ojos<\/p><p>Para so\u00f1ar contigo&#8230;<\/p>\t\t\t\t\t\t\t\t<\/div>\n\t\t\t\t<\/div>\n\t\t\t\t\t<\/div>\n\t\t<\/div>\n\t\t\t\t\t<\/div>\n\t\t<\/section>\n\t\t\t\t<section class=\"elementor-section elementor-top-section elementor-element elementor-element-9677ee4 elementor-section-boxed elementor-section-height-default elementor-section-height-default\" data-id=\"9677ee4\" data-element_type=\"section\" data-e-type=\"section\">\n\t\t\t\t\t\t<div class=\"elementor-container elementor-column-gap-default\">\n\t\t\t\t\t<div class=\"elementor-column elementor-col-100 elementor-top-column elementor-element elementor-element-0386e89\" data-id=\"0386e89\" data-element_type=\"column\" data-e-type=\"column\">\n\t\t\t<div class=\"elementor-widget-wrap elementor-element-populated\">\n\t\t\t\t\t\t<div class=\"elementor-element elementor-element-f2f73aa elementor-widget elementor-widget-text-editor\" data-id=\"f2f73aa\" data-element_type=\"widget\" data-e-type=\"widget\" data-widget_type=\"text-editor.default\">\n\t\t\t\t<div class=\"elementor-widget-container\">\n\t\t\t\t\t\t\t\t\t<p>M\u00e1s actual y acaso demasiado realista es Adriana Mater (2006), ya en nuestro tiempo de denuncia del sufrimiento de las mujeres y de la venganza que pueden ejercer; se trata del drama de una mujer violada en una de las guerras como las que asolan al mundo y que desgraciadamente enfrentan el propio pa\u00eds del autor, Siria, Yemen, Afganist\u00e1n, y la obra debe enfrentarse el hijo de la acci\u00f3n criminal y la verdad que la familia le ha ocultado. El violador Tsargo, sin embargo, no es sino otra v\u00edctima, quien debe advertir a Adriana cuando la guerra se avecina:<\/p>\t\t\t\t\t\t\t\t<\/div>\n\t\t\t\t<\/div>\n\t\t\t\t\t<\/div>\n\t\t<\/div>\n\t\t\t\t\t<\/div>\n\t\t<\/section>\n\t\t\t\t<section class=\"elementor-section elementor-top-section elementor-element elementor-element-6013d11 elementor-section-boxed elementor-section-height-default elementor-section-height-default\" data-id=\"6013d11\" data-element_type=\"section\" data-e-type=\"section\">\n\t\t\t\t\t\t<div class=\"elementor-container elementor-column-gap-default\">\n\t\t\t\t\t<div class=\"elementor-column elementor-col-100 elementor-top-column elementor-element elementor-element-6abd522\" data-id=\"6abd522\" data-element_type=\"column\" data-e-type=\"column\">\n\t\t\t<div class=\"elementor-widget-wrap elementor-element-populated\">\n\t\t\t\t\t\t<div class=\"elementor-element elementor-element-d02e39b elementor-widget elementor-widget-text-editor\" data-id=\"d02e39b\" data-element_type=\"widget\" data-e-type=\"widget\" data-widget_type=\"text-editor.default\">\n\t\t\t\t<div class=\"elementor-widget-container\">\n\t\t\t\t\t\t\t\t\t<p>[&#8230;] los Otros invadir\u00e1n nuestras calles.<\/p><p>Van a degollarnos, a todos, mujeres y hombres,<\/p><p>como en la \u00e9poca de nuestros padres.<\/p><p>Llevan mucho tiempo afilado las armas,<\/p><p>est\u00e1n sedientos de venganza.<\/p>\t\t\t\t\t\t\t\t<\/div>\n\t\t\t\t<\/div>\n\t\t\t\t\t<\/div>\n\t\t<\/div>\n\t\t\t\t\t<\/div>\n\t\t<\/section>\n\t\t\t\t<section class=\"elementor-section elementor-top-section elementor-element elementor-element-26fedd8 elementor-section-boxed elementor-section-height-default elementor-section-height-default\" data-id=\"26fedd8\" data-element_type=\"section\" data-e-type=\"section\">\n\t\t\t\t\t\t<div class=\"elementor-container elementor-column-gap-default\">\n\t\t\t\t\t<div class=\"elementor-column elementor-col-100 elementor-top-column elementor-element elementor-element-107b7c6\" data-id=\"107b7c6\" data-element_type=\"column\" data-e-type=\"column\">\n\t\t\t<div class=\"elementor-widget-wrap elementor-element-populated\">\n\t\t\t\t\t\t<div class=\"elementor-element elementor-element-79ae109 elementor-widget elementor-widget-text-editor\" data-id=\"79ae109\" data-element_type=\"widget\" data-e-type=\"widget\" data-widget_type=\"text-editor.default\">\n\t\t\t\t<div class=\"elementor-widget-container\">\n\t\t\t\t\t\t\t\t\t<p>Cuando regresa de la guerra Yonas, el hijo que ha procreado, le espera y ante su reclamo: \u201cpara mi desgracia, \u00a1he nacido de tu sangre!\u201d, Tsargo le responde:<\/p>\t\t\t\t\t\t\t\t<\/div>\n\t\t\t\t<\/div>\n\t\t\t\t\t<\/div>\n\t\t<\/div>\n\t\t\t\t\t<\/div>\n\t\t<\/section>\n\t\t\t\t<section class=\"elementor-section elementor-top-section elementor-element elementor-element-8badb04 elementor-section-boxed elementor-section-height-default elementor-section-height-default\" data-id=\"8badb04\" data-element_type=\"section\" data-e-type=\"section\">\n\t\t\t\t\t\t<div class=\"elementor-container elementor-column-gap-default\">\n\t\t\t\t\t<div class=\"elementor-column elementor-col-100 elementor-top-column elementor-element elementor-element-fe3c381\" data-id=\"fe3c381\" data-element_type=\"column\" data-e-type=\"column\">\n\t\t\t<div class=\"elementor-widget-wrap elementor-element-populated\">\n\t\t\t\t\t\t<div class=\"elementor-element elementor-element-e342f32 elementor-widget elementor-widget-text-editor\" data-id=\"e342f32\" data-element_type=\"widget\" data-e-type=\"widget\" data-widget_type=\"text-editor.default\">\n\t\t\t\t<div class=\"elementor-widget-container\">\n\t\t\t\t\t\t\t\t\t<p>Esa sangre la perd\u00ed en la guerra,<\/p><p>hasta la \u00faltima gota;<\/p><p>me han infundido otra.<\/p>\t\t\t\t\t\t\t\t<\/div>\n\t\t\t\t<\/div>\n\t\t\t\t\t<\/div>\n\t\t<\/div>\n\t\t\t\t\t<\/div>\n\t\t<\/section>\n\t\t\t\t<section class=\"elementor-section elementor-top-section elementor-element elementor-element-abdacdd elementor-section-boxed elementor-section-height-default elementor-section-height-default\" data-id=\"abdacdd\" data-element_type=\"section\" data-e-type=\"section\">\n\t\t\t\t\t\t<div class=\"elementor-container elementor-column-gap-default\">\n\t\t\t\t\t<div class=\"elementor-column elementor-col-100 elementor-top-column elementor-element elementor-element-aab2d07\" data-id=\"aab2d07\" data-element_type=\"column\" data-e-type=\"column\">\n\t\t\t<div class=\"elementor-widget-wrap elementor-element-populated\">\n\t\t\t\t\t\t<div class=\"elementor-element elementor-element-980aa53 elementor-widget elementor-widget-text-editor\" data-id=\"980aa53\" data-element_type=\"widget\" data-e-type=\"widget\" data-widget_type=\"text-editor.default\">\n\t\t\t\t<div class=\"elementor-widget-container\">\n\t\t\t\t\t\t\t\t\t<p>La idea est\u00e1 presente desde el primer encuentro de Saariaho con Maalouf, cuando el coro canta:<\/p>\t\t\t\t\t\t\t\t<\/div>\n\t\t\t\t<\/div>\n\t\t\t\t\t<\/div>\n\t\t<\/div>\n\t\t\t\t\t<\/div>\n\t\t<\/section>\n\t\t\t\t<section class=\"elementor-section elementor-top-section elementor-element elementor-element-4b3007d elementor-section-boxed elementor-section-height-default elementor-section-height-default\" data-id=\"4b3007d\" data-element_type=\"section\" data-e-type=\"section\">\n\t\t\t\t\t\t<div class=\"elementor-container elementor-column-gap-default\">\n\t\t\t\t\t<div class=\"elementor-column elementor-col-100 elementor-top-column elementor-element elementor-element-1944431\" data-id=\"1944431\" data-element_type=\"column\" data-e-type=\"column\">\n\t\t\t<div class=\"elementor-widget-wrap elementor-element-populated\">\n\t\t\t\t\t\t<div class=\"elementor-element elementor-element-59e5501 elementor-widget elementor-widget-text-editor\" data-id=\"59e5501\" data-element_type=\"widget\" data-e-type=\"widget\" data-widget_type=\"text-editor.default\">\n\t\t\t\t<div class=\"elementor-widget-container\">\n\t\t\t\t\t\t\t\t\t<p>Maldito sea el amor<\/p><p>cuando nos hace despreciar la existencia.<\/p><p>Maldito sea el amor<\/p><p>Cuando traiciona la vida y se hace aliado de la muerte.<\/p>\t\t\t\t\t\t\t\t<\/div>\n\t\t\t\t<\/div>\n\t\t\t\t\t<\/div>\n\t\t<\/div>\n\t\t\t\t\t<\/div>\n\t\t<\/section>\n\t\t\t\t<section class=\"elementor-section elementor-top-section elementor-element elementor-element-f88f5c0 elementor-section-boxed elementor-section-height-default elementor-section-height-default\" data-id=\"f88f5c0\" data-element_type=\"section\" data-e-type=\"section\">\n\t\t\t\t\t\t<div class=\"elementor-container elementor-column-gap-default\">\n\t\t\t\t\t<div class=\"elementor-column elementor-col-100 elementor-top-column elementor-element elementor-element-ac3b2be\" data-id=\"ac3b2be\" data-element_type=\"column\" data-e-type=\"column\">\n\t\t\t<div class=\"elementor-widget-wrap elementor-element-populated\">\n\t\t\t\t\t\t<div class=\"elementor-element elementor-element-dd53b51 elementor-widget elementor-widget-text-editor\" data-id=\"dd53b51\" data-element_type=\"widget\" data-e-type=\"widget\" data-widget_type=\"text-editor.default\">\n\t\t\t\t<div class=\"elementor-widget-container\">\n\t\t\t\t\t\t\t\t\t<p>El narrador no acept\u00f3 ya el silencio de sus libros poblados de palabras con personajes vivos, pero con la compositora adquieren m\u00e1s vida a trav\u00e9s de la m\u00fasica y los podemos escuchar en franc\u00e9s, aunque imaginamos otras lenguas como las hablan quienes habitan las historias de sus novelas. Demuestra as\u00ed su cosmopolitismo y su insaciable sed de saber y conocer todo lo que enriquezca su propuesta cultural como liban\u00e9s cristiano, como \u00e1rabe que convivi\u00f3 con la cultura isl\u00e1mica, influido por el protestantismo de una educaci\u00f3n en ingl\u00e9s, que escribe en franc\u00e9s, una lengua diferente a la del pa\u00eds de su nacimiento y que vive en Francia, hist\u00f3rica y afectivamente muy cerca de L\u00edbano.<\/p>\t\t\t\t\t\t\t\t<\/div>\n\t\t\t\t<\/div>\n\t\t\t\t\t<\/div>\n\t\t<\/div>\n\t\t\t\t\t<\/div>\n\t\t<\/section>\n\t\t\t\t<section class=\"elementor-section elementor-top-section elementor-element elementor-element-b4aad65 elementor-section-boxed elementor-section-height-default elementor-section-height-default\" data-id=\"b4aad65\" data-element_type=\"section\" data-e-type=\"section\">\n\t\t\t\t\t\t<div class=\"elementor-container elementor-column-gap-default\">\n\t\t\t\t\t<div class=\"elementor-column elementor-col-100 elementor-top-column elementor-element elementor-element-c9e0dc7\" data-id=\"c9e0dc7\" data-element_type=\"column\" data-e-type=\"column\">\n\t\t\t<div class=\"elementor-widget-wrap elementor-element-populated\">\n\t\t\t\t\t\t<div class=\"elementor-element elementor-element-f49f5d1 elementor-widget elementor-widget-text-editor\" data-id=\"f49f5d1\" data-element_type=\"widget\" data-e-type=\"widget\" data-widget_type=\"text-editor.default\">\n\t\t\t\t<div class=\"elementor-widget-container\">\n\t\t\t\t\t\t\t\t\t<p>Con Adriana Mater los autores se unieron para contar una historia feminista en una descarnada escritura para un relato diferente de la pluma de Maalouf y a lo que suele cantarse en una \u00f3pera. Sin contemplaciones ni palabras amables, se vincula a la literatura de otro creador que carga en su obra teatral el estigma del exiliado. Se trata del liban\u00e9s canadiense Wajdi Mouawad y su sorprendente obra de teatro Incendios, llevada al cine con el t\u00edtulo de La mujer que cantaba (2011). Coinciden ambas obras por sufrimiento, el deseo de vengar las afrentas y las secuelas que dejan las guerras que engendran a los hijos del dolor.<\/p>\t\t\t\t\t\t\t\t<\/div>\n\t\t\t\t<\/div>\n\t\t\t\t\t<\/div>\n\t\t<\/div>\n\t\t\t\t\t<\/div>\n\t\t<\/section>\n\t\t\t\t<section class=\"elementor-section elementor-top-section elementor-element elementor-element-6565cb3 elementor-section-boxed elementor-section-height-default elementor-section-height-default\" data-id=\"6565cb3\" data-element_type=\"section\" data-e-type=\"section\">\n\t\t\t\t\t\t<div class=\"elementor-container elementor-column-gap-default\">\n\t\t\t\t\t<div class=\"elementor-column elementor-col-100 elementor-top-column elementor-element elementor-element-0bb4c88\" data-id=\"0bb4c88\" data-element_type=\"column\" data-e-type=\"column\">\n\t\t\t<div class=\"elementor-widget-wrap elementor-element-populated\">\n\t\t\t\t\t\t<div class=\"elementor-element elementor-element-2916494 elementor-widget elementor-widget-text-editor\" data-id=\"2916494\" data-element_type=\"widget\" data-e-type=\"widget\" data-widget_type=\"text-editor.default\">\n\t\t\t\t<div class=\"elementor-widget-container\">\n\t\t\t\t\t\t\t\t\t<p>Publicado en Proceso\u00a0 N\u00fam. 2432, 11 de junio de 2023<\/p>\t\t\t\t\t\t\t\t<\/div>\n\t\t\t\t<\/div>\n\t\t\t\t\t<\/div>\n\t\t<\/div>\n\t\t\t\t\t<\/div>\n\t\t<\/section>\n\t\t\t\t<\/div>\n\t\t","protected":false},"excerpt":{"rendered":"<p>La compositora finlandesa Kaija Saariaho muri\u00f3 el pasado 2 de junio, reconocida y galardonada internacionalmente por sus numerosas composiciones, dej\u00f3 una obra \u00fanica al lado del escritor liban\u00e9s Amin Maalouf, a la que vale la pena referirse por su v\u00ednculo con L\u00edbano. Su propuesta a\u00f1ade a esa historia que llega hasta el presente para contarse a trav\u00e9s de la m\u00fasica. Sobre las virtudes art\u00edstica de Saariaho han escrito numerosos cr\u00edticos musicales, por lo que busco resaltar lo que aportan los libretos realizados por Maalouf para entender el Medio Oriente. Su propuesta difiere de la interpretaci\u00f3n de Edward Said, para quien la famosa \u00f3pera A\u00edda de Verdi \u201ccumple con muchas de las necesidades de la cultura europea y desde dentro de ella\u2026 [como] confirmar que Oriente es un lugar esencialmente ex\u00f3tico, distante y antiguo en el cual los europeos pueden desplegar sus exhibiciones de fuerza\u201d. <\/p>\n","protected":false},"author":2,"featured_media":1699,"comment_status":"open","ping_status":"open","sticky":true,"template":"","format":"standard","meta":{"footnotes":""},"categories":[31],"tags":[],"class_list":["post-1694","post","type-post","status-publish","format-standard","has-post-thumbnail","hentry","category-opinion"],"_links":{"self":[{"href":"https:\/\/sucumo.sdi.unam.mx\/index.php?rest_route=\/wp\/v2\/posts\/1694","targetHints":{"allow":["GET"]}}],"collection":[{"href":"https:\/\/sucumo.sdi.unam.mx\/index.php?rest_route=\/wp\/v2\/posts"}],"about":[{"href":"https:\/\/sucumo.sdi.unam.mx\/index.php?rest_route=\/wp\/v2\/types\/post"}],"author":[{"embeddable":true,"href":"https:\/\/sucumo.sdi.unam.mx\/index.php?rest_route=\/wp\/v2\/users\/2"}],"replies":[{"embeddable":true,"href":"https:\/\/sucumo.sdi.unam.mx\/index.php?rest_route=%2Fwp%2Fv2%2Fcomments&post=1694"}],"version-history":[{"count":5,"href":"https:\/\/sucumo.sdi.unam.mx\/index.php?rest_route=\/wp\/v2\/posts\/1694\/revisions"}],"predecessor-version":[{"id":1700,"href":"https:\/\/sucumo.sdi.unam.mx\/index.php?rest_route=\/wp\/v2\/posts\/1694\/revisions\/1700"}],"wp:featuredmedia":[{"embeddable":true,"href":"https:\/\/sucumo.sdi.unam.mx\/index.php?rest_route=\/wp\/v2\/media\/1699"}],"wp:attachment":[{"href":"https:\/\/sucumo.sdi.unam.mx\/index.php?rest_route=%2Fwp%2Fv2%2Fmedia&parent=1694"}],"wp:term":[{"taxonomy":"category","embeddable":true,"href":"https:\/\/sucumo.sdi.unam.mx\/index.php?rest_route=%2Fwp%2Fv2%2Fcategories&post=1694"},{"taxonomy":"post_tag","embeddable":true,"href":"https:\/\/sucumo.sdi.unam.mx\/index.php?rest_route=%2Fwp%2Fv2%2Ftags&post=1694"}],"curies":[{"name":"wp","href":"https:\/\/api.w.org\/{rel}","templated":true}]}}