{"id":1881,"date":"2025-05-08T13:40:20","date_gmt":"2025-05-08T19:40:20","guid":{"rendered":"https:\/\/sucumo.sdi.unam.mx\/?p=1881"},"modified":"2025-05-08T13:54:34","modified_gmt":"2025-05-08T19:54:34","slug":"europa-no-ha-hecho-lo-suficiente-para-detener-a-israel1","status":"publish","type":"post","link":"https:\/\/sucumo.sdi.unam.mx\/?p=1881","title":{"rendered":"Europa no ha hecho lo suficiente para detener a Israel"},"content":{"rendered":"\n<p class=\"wp-block-paragraph\">Carlos Mart\u00ednez Assad<\/p>\n\n\n\n<p class=\"wp-block-paragraph\">El&nbsp;<em>mea culpa<\/em>&nbsp;de Josep Borrell, ya como ex Alto Comisionado Representante de la Uni\u00f3n Europea, cargo que dej\u00f3 el 1 de diciembre de 2024, expresa sus sentimientos por no haber logrado sancionar al Estado de Israel por parte de los pa\u00edses que representa, pese a que el Tribunal de la Corte Penal Internacional de La Haya aprob\u00f3 tomar medidas cautelares para detener la que calific\u00f3 de \u201cconducta genocida\u201d por parte de Israel.<\/p>\n\n\n\n<p class=\"wp-block-paragraph\">El anterior Alto Comisionado record\u00f3, usando la tribuna del diario&nbsp;<em>Mundo&nbsp;<\/em>del 28 de abril de 2025, que Benjamin Netanyahu rompi\u00f3 la tregua aceptada por las partes en conflicto en Gaza, en los d\u00edas previos a la toma de posesi\u00f3n por su segunda presidencia del estadunidense Donald Trump. En pocas horas los bombardeos israel\u00edes causaron 400 muertes, incluyendo mujeres y ni\u00f1os, que se suman a las m\u00e1s de 50 mil v\u00edctimas que ha arrojado la guerra, y no import\u00f3 la amenaza que pesa todav\u00eda sobre los rehenes vivos que Ham\u00e1s mantiene en su poder.<\/p>\n\n\n\n<figure class=\"wp-block-image size-full\"><img fetchpriority=\"high\" decoding=\"async\" width=\"768\" height=\"512\" src=\"https:\/\/sucumo.sdi.unam.mx\/wp-content\/uploads\/2025\/05\/imagen_2025-05-08_133858294.png\" alt=\"\" class=\"wp-image-1883\" srcset=\"https:\/\/sucumo.sdi.unam.mx\/wp-content\/uploads\/2025\/05\/imagen_2025-05-08_133858294.png 768w, https:\/\/sucumo.sdi.unam.mx\/wp-content\/uploads\/2025\/05\/imagen_2025-05-08_133858294-300x200.png 300w\" sizes=\"(max-width: 768px) 100vw, 768px\" \/><\/figure>\n\n\n\n<p class=\"wp-block-paragraph\">La ONU ha diagnosticado que la situaci\u00f3n en Gaza ha alcanzado su peor momento de la cat\u00e1strofe que viven los supervivientes&nbsp;<a href=\"https:\/\/www.proceso.com.mx\/internacional\/2025\/5\/3\/gente-desesperada-en-gaza-lucha-por-conseguir-alimentos-mientras-israel-bloquea-la-ayuda-350516.html\" target=\"_blank\" rel=\"noreferrer noopener\"><strong>sin alimentos y sin agua<\/strong><\/a>&nbsp;debido al bloqueo que Israel mantiene y a la infraestructura de agua destruida, con todas las consecuencias que arroja para la salud de la poblaci\u00f3n sitiada. Y el ministro israel\u00ed de la guerra, Israel Katz, ha dicho que ninguna ayuda humanitaria entrar\u00e1 en Gaza, pese a tratarse de una violaci\u00f3n grave del derecho internacional que protege a las personas. Por su parte, Bezalel Smotrich, l\u00edder del Partido Sionista Religioso de derecha y ministro de Finanzas, confirm\u00f3 que se ejerce una presi\u00f3n m\u00e1xima para realizar una \u201cevacuaci\u00f3n hacia el sur [de Gaza] para imponer el plan de migraci\u00f3n voluntaria seg\u00fan Trump&#8230;\u201d. Y ya a\u00f1ade Borrel, present\u00f3 Israel Katz al Consejo de la Uni\u00f3n Europea ese proyecto cuando Israel ya controlaba la mitad de Gaza y se daba la orden de evacuaci\u00f3n de dos tercios transformados en \u201czonas de seguridad\u201d, incluida la ciudad fronteriza con Egipto de R\u00e1fah. Quiz\u00e1s no era todav\u00eda un plan, pero ya se realizaban los desplazamientos cuando los palestinos deb\u00edan ir de un campo a otro de acuerdo con los bombardeos que Israel realizaba y que finalmente arrasaron sin respetar las zonas propuestas.<\/p>\n\n\n\n<p class=\"wp-block-paragraph\">El objetivo era crear las condiciones para llevar a cabo el proyecto de la depuraci\u00f3n \u00e9tnica m\u00e1s grande desde la Segunda Guerra Mundial, por lo que resulta imposible no ver el intento de exterminaci\u00f3n que la Corte Penal Internacional tom\u00f3 en consideraci\u00f3n con la orden de arresto de Benjamin Netanyahu y de su exministro del ej\u00e9rcito que Borrell consider\u00f3 tan grave como cuando la justicia internacional se impuso en el pasado en Srebrenica y Ruanda.<\/p>\n\n\n\n<p class=\"wp-block-paragraph\">Es lamentable que esa intenci\u00f3n se est\u00e1 reafirmando en el momento actual mientras Israel refuerza el bloqueo contra Gaza, tal como se demostr\u00f3 el 2 de mayo pasado, cuando<a href=\"https:\/\/www.proceso.com.mx\/internacional\/2025\/5\/2\/drones-atacan-barco-que-transportaba-ayuda-gaza-video-350446.html\" target=\"_blank\" rel=\"noreferrer noopener\"><strong>&nbsp;un buque con ayuda humanitaria fue bombardeado<\/strong><\/a>&nbsp;por drones frente a Malta. La ONG de la Flotilla de la Libertad aleg\u00f3 que Israel era responsable y pese a exigir una respuesta al ministro de Asuntos Extranjeros, se neg\u00f3 a responder por la agresi\u00f3n.<\/p>\n\n\n\n<p class=\"wp-block-paragraph\">Al mismo tiempo en Cisjordania, el ej\u00e9rcito israel\u00ed llev\u00f3 a cabo la m\u00e1s amplia ofensiva realizada en mucho tiempo provocando el desplazamiento de 40 mil palestinos, con la intenci\u00f3n de crear en sus posesiones m\u00e1s colonias que el derecho internacional considera ilegales. Habitadas y controladas por los grupos jud\u00edos m\u00e1s conservadores, cuentan con todo el apoyo de la coalici\u00f3n pol\u00edtica que gobierna Israel. Y ya se ha visto su actuaci\u00f3n incluso fuera de los territorios cuando grupos semejantes han pretendido establecer sus colonias en el sur de L\u00edbano, tomado tambi\u00e9n por Israel.<\/p>\n\n\n\n<p class=\"wp-block-paragraph\">Por si no fuera poco, Borrell ha calificado la guerra en Gaza de ser una guerra contra la infancia, seg\u00fan los miles de ni\u00f1os que han muerto o que, debido a sus heridas, vivir\u00e1n mutilados el resto de sus d\u00edas. As\u00ed lo ha dejado ver la representativa fotograf\u00eda del ni\u00f1o sin brazos Mahmoud Ajjour, cuya conmovedora imagen que encierra los contenidos m\u00e1s brutales de la guerra dio a la fotoperiodista Samar Abu Elouf el premio de la World Press Photo de 2025.<\/p>\n\n\n\n<figure class=\"wp-block-image size-large\"><img decoding=\"async\" width=\"683\" height=\"1024\" src=\"https:\/\/sucumo.sdi.unam.mx\/wp-content\/uploads\/2025\/05\/imagen_2025-05-08_133928700-683x1024.png\" alt=\"\" class=\"wp-image-1884\" srcset=\"https:\/\/sucumo.sdi.unam.mx\/wp-content\/uploads\/2025\/05\/imagen_2025-05-08_133928700-683x1024.png 683w, https:\/\/sucumo.sdi.unam.mx\/wp-content\/uploads\/2025\/05\/imagen_2025-05-08_133928700-200x300.png 200w, https:\/\/sucumo.sdi.unam.mx\/wp-content\/uploads\/2025\/05\/imagen_2025-05-08_133928700.png 768w\" sizes=\"(max-width: 683px) 100vw, 683px\" \/><\/figure>\n\n\n\n<p class=\"wp-block-paragraph\">El mismo Borrell critica que las m\u00faltiples resoluciones de las Naciones Unidas y las decisiones de la Corte Penal Internacional no hayan tenido \u00e9xito. Tampoco logr\u00f3 que el Consejo y la Comisi\u00f3n de la Uni\u00f3n Europea actuaran contra las \u201cviolaciones masivas y repetidas del derecho internacional y de los derechos humanos\u201d, como s\u00ed se logr\u00f3 frente a la agresi\u00f3n a Ucrania de Vladimir Putin.<\/p>\n\n\n\n<p class=\"wp-block-paragraph\">Al final de su mandato dice haber comprobado la existencia de un doble rasero que ha debilitado a la Uni\u00f3n Europea frente al mundo. No solamente el que concierne al de los musulmanes, sino tambi\u00e9n de \u00c1frica, Am\u00e9rica Latina y Asia. Espa\u00f1a y otros pa\u00edses europeos elevaron su voz y pidieron a la Comisi\u00f3n examinar el comportamiento de Israel conforme a sus obligaciones de acuerdo con su asociaci\u00f3n con Europa. En respuesta s\u00f3lo obtuvo el silencio. Lo explica en raz\u00f3n de la mala conciencia de ciertos pa\u00edses europeos frente al Holocausto que, seg\u00fan \u00e9l, se ha convertido en \u201craz\u00f3n de Estado\u201d para justificar el apoyo incondicional a Israel, con el riesgo de que los europeos se conviertan en c\u00f3mplices de cr\u00edmenes contra la humanidad.<\/p>\n\n\n\n<blockquote class=\"wp-block-quote is-layout-flow wp-block-quote-is-layout-flow\">\n<p class=\"wp-block-paragraph\">No resulta sino extraordinario que el antiguo Alto Comisionado representante de la Uni\u00f3n Europea pueda manifestarse de la forma que lo ha hecho y en lo que hab\u00eda venido insistiendo, por ejemplo cuando desde el 23 de septiembre de 2024 hab\u00eda dicho que Europa no puede huir de sus responsabilidades en Gaza y no contribuir a encontrar una soluci\u00f3n pac\u00edfica.<\/p>\n<\/blockquote>\n\n\n\n<p class=\"wp-block-paragraph\">En los primeros d\u00edas de mayo toman mayor fuerza los argumentos de Borrell por las amenazas de parte de autoridades israel\u00edes para iniciar la nueva incursi\u00f3n por tierra en la Gaza devastada, y que ya han llamado &#8220;Los carros de Gede\u00f3n&#8221;, invocando la tradici\u00f3n religiosa de un l\u00edder al que Dios le pide encabezar a los jud\u00edos para acabar con sus enemigos. Esta vez tomar\u00e1 Europa alguna acci\u00f3n concreta, como dejar de vender armas a Israel o solamente continuar\u00e1 sus discursos contra esa guerra.<\/p>\n\n\n\n<hr class=\"wp-block-separator has-alpha-channel-opacity\"\/>\n\n\n\n<p class=\"wp-block-paragraph\"><a href=\"https:\/\/www.proceso.com.mx\/opinion\/2025\/5\/8\/europa-no-ha-hecho-lo-suficiente-para-detener-israel-350640.html\">Publicado en <em>Proceso<\/em>, el jueves 8 de mayo de 2025.<\/a><\/p>\n","protected":false},"excerpt":{"rendered":"<p>Borrell ha calificado la guerra en Gaza de ser una guerra contra la infancia, seg\u00fan los miles de ni\u00f1os que han muerto o que, debido a sus heridas, vivir\u00e1n mutilados el resto de sus d\u00edas.<\/p>\n","protected":false},"author":2,"featured_media":1882,"comment_status":"closed","ping_status":"closed","sticky":true,"template":"","format":"standard","meta":{"footnotes":""},"categories":[31],"tags":[15,21,32,48],"class_list":["post-1881","post","type-post","status-publish","format-standard","has-post-thumbnail","hentry","category-opinion","tag-carlos-martinez-assad","tag-israel","tag-medio-oriente","tag-palestina"],"_links":{"self":[{"href":"https:\/\/sucumo.sdi.unam.mx\/index.php?rest_route=\/wp\/v2\/posts\/1881","targetHints":{"allow":["GET"]}}],"collection":[{"href":"https:\/\/sucumo.sdi.unam.mx\/index.php?rest_route=\/wp\/v2\/posts"}],"about":[{"href":"https:\/\/sucumo.sdi.unam.mx\/index.php?rest_route=\/wp\/v2\/types\/post"}],"author":[{"embeddable":true,"href":"https:\/\/sucumo.sdi.unam.mx\/index.php?rest_route=\/wp\/v2\/users\/2"}],"replies":[{"embeddable":true,"href":"https:\/\/sucumo.sdi.unam.mx\/index.php?rest_route=%2Fwp%2Fv2%2Fcomments&post=1881"}],"version-history":[{"count":4,"href":"https:\/\/sucumo.sdi.unam.mx\/index.php?rest_route=\/wp\/v2\/posts\/1881\/revisions"}],"predecessor-version":[{"id":1889,"href":"https:\/\/sucumo.sdi.unam.mx\/index.php?rest_route=\/wp\/v2\/posts\/1881\/revisions\/1889"}],"wp:featuredmedia":[{"embeddable":true,"href":"https:\/\/sucumo.sdi.unam.mx\/index.php?rest_route=\/wp\/v2\/media\/1882"}],"wp:attachment":[{"href":"https:\/\/sucumo.sdi.unam.mx\/index.php?rest_route=%2Fwp%2Fv2%2Fmedia&parent=1881"}],"wp:term":[{"taxonomy":"category","embeddable":true,"href":"https:\/\/sucumo.sdi.unam.mx\/index.php?rest_route=%2Fwp%2Fv2%2Fcategories&post=1881"},{"taxonomy":"post_tag","embeddable":true,"href":"https:\/\/sucumo.sdi.unam.mx\/index.php?rest_route=%2Fwp%2Fv2%2Ftags&post=1881"}],"curies":[{"name":"wp","href":"https:\/\/api.w.org\/{rel}","templated":true}]}}